{"id":2332,"date":"2024-02-28T19:35:01","date_gmt":"2024-02-28T16:35:01","guid":{"rendered":"https:\/\/islamiilimler.org.tr\/?p=2332"},"modified":"2024-02-28T19:35:02","modified_gmt":"2024-02-28T16:35:02","slug":"vakfimizda-bayrak-degisimi-ve-mutevelli-heyeti-toplantisi","status":"publish","type":"post","link":"https:\/\/islamiilimler.org.tr\/?p=2332","title":{"rendered":"Vakf\u0131m\u0131zda Bayrak De\u011fi\u015fimi ve M\u00fctevelli Heyeti Toplant\u0131s\u0131"},"content":{"rendered":"\n<figure class=\"wp-block-gallery has-nested-images columns-default is-cropped wp-block-gallery-1 is-layout-flex wp-block-gallery-is-layout-flex\">\n<figure class=\"wp-block-image size-large\"><img loading=\"lazy\" decoding=\"async\" width=\"1024\" height=\"768\" data-id=\"2334\" src=\"https:\/\/islamiilimler.org.tr\/wp-content\/uploads\/2024\/02\/WhatsApp-Image-2024-02-28-at-19.04.42-1024x768.jpeg\" alt=\"\" class=\"wp-image-2334\" srcset=\"https:\/\/islamiilimler.org.tr\/wp-content\/uploads\/2024\/02\/WhatsApp-Image-2024-02-28-at-19.04.42-1024x768.jpeg 1024w, https:\/\/islamiilimler.org.tr\/wp-content\/uploads\/2024\/02\/WhatsApp-Image-2024-02-28-at-19.04.42-300x225.jpeg 300w, https:\/\/islamiilimler.org.tr\/wp-content\/uploads\/2024\/02\/WhatsApp-Image-2024-02-28-at-19.04.42-768x576.jpeg 768w, https:\/\/islamiilimler.org.tr\/wp-content\/uploads\/2024\/02\/WhatsApp-Image-2024-02-28-at-19.04.42-1536x1152.jpeg 1536w, https:\/\/islamiilimler.org.tr\/wp-content\/uploads\/2024\/02\/WhatsApp-Image-2024-02-28-at-19.04.42-1200x900.jpeg 1200w, https:\/\/islamiilimler.org.tr\/wp-content\/uploads\/2024\/02\/WhatsApp-Image-2024-02-28-at-19.04.42-800x600.jpeg 800w, https:\/\/islamiilimler.org.tr\/wp-content\/uploads\/2024\/02\/WhatsApp-Image-2024-02-28-at-19.04.42-400x300.jpeg 400w, https:\/\/islamiilimler.org.tr\/wp-content\/uploads\/2024\/02\/WhatsApp-Image-2024-02-28-at-19.04.42-200x150.jpeg 200w, https:\/\/islamiilimler.org.tr\/wp-content\/uploads\/2024\/02\/WhatsApp-Image-2024-02-28-at-19.04.42.jpeg 1600w\" sizes=\"auto, (max-width: 1024px) 100vw, 1024px\" \/><\/figure>\n\n\n\n<figure class=\"wp-block-image size-large\"><img loading=\"lazy\" decoding=\"async\" width=\"1024\" height=\"768\" data-id=\"2336\" src=\"https:\/\/islamiilimler.org.tr\/wp-content\/uploads\/2024\/02\/WhatsApp-Image-2024-02-28-at-19.04.43-1-1024x768.jpeg\" alt=\"\" class=\"wp-image-2336\" srcset=\"https:\/\/islamiilimler.org.tr\/wp-content\/uploads\/2024\/02\/WhatsApp-Image-2024-02-28-at-19.04.43-1-1024x768.jpeg 1024w, https:\/\/islamiilimler.org.tr\/wp-content\/uploads\/2024\/02\/WhatsApp-Image-2024-02-28-at-19.04.43-1-300x225.jpeg 300w, https:\/\/islamiilimler.org.tr\/wp-content\/uploads\/2024\/02\/WhatsApp-Image-2024-02-28-at-19.04.43-1-768x576.jpeg 768w, https:\/\/islamiilimler.org.tr\/wp-content\/uploads\/2024\/02\/WhatsApp-Image-2024-02-28-at-19.04.43-1-1536x1152.jpeg 1536w, https:\/\/islamiilimler.org.tr\/wp-content\/uploads\/2024\/02\/WhatsApp-Image-2024-02-28-at-19.04.43-1-1200x900.jpeg 1200w, https:\/\/islamiilimler.org.tr\/wp-content\/uploads\/2024\/02\/WhatsApp-Image-2024-02-28-at-19.04.43-1-800x600.jpeg 800w, https:\/\/islamiilimler.org.tr\/wp-content\/uploads\/2024\/02\/WhatsApp-Image-2024-02-28-at-19.04.43-1-400x300.jpeg 400w, https:\/\/islamiilimler.org.tr\/wp-content\/uploads\/2024\/02\/WhatsApp-Image-2024-02-28-at-19.04.43-1-200x150.jpeg 200w, https:\/\/islamiilimler.org.tr\/wp-content\/uploads\/2024\/02\/WhatsApp-Image-2024-02-28-at-19.04.43-1.jpeg 1600w\" sizes=\"auto, (max-width: 1024px) 100vw, 1024px\" \/><\/figure>\n\n\n\n<figure class=\"wp-block-image size-large\"><img loading=\"lazy\" decoding=\"async\" width=\"1024\" height=\"768\" data-id=\"2337\" src=\"https:\/\/islamiilimler.org.tr\/wp-content\/uploads\/2024\/02\/WhatsApp-Image-2024-02-28-at-19.04.43-2-1024x768.jpeg\" alt=\"\" class=\"wp-image-2337\" srcset=\"https:\/\/islamiilimler.org.tr\/wp-content\/uploads\/2024\/02\/WhatsApp-Image-2024-02-28-at-19.04.43-2-1024x768.jpeg 1024w, https:\/\/islamiilimler.org.tr\/wp-content\/uploads\/2024\/02\/WhatsApp-Image-2024-02-28-at-19.04.43-2-300x225.jpeg 300w, https:\/\/islamiilimler.org.tr\/wp-content\/uploads\/2024\/02\/WhatsApp-Image-2024-02-28-at-19.04.43-2-768x576.jpeg 768w, https:\/\/islamiilimler.org.tr\/wp-content\/uploads\/2024\/02\/WhatsApp-Image-2024-02-28-at-19.04.43-2-1536x1152.jpeg 1536w, https:\/\/islamiilimler.org.tr\/wp-content\/uploads\/2024\/02\/WhatsApp-Image-2024-02-28-at-19.04.43-2-1200x900.jpeg 1200w, https:\/\/islamiilimler.org.tr\/wp-content\/uploads\/2024\/02\/WhatsApp-Image-2024-02-28-at-19.04.43-2-800x600.jpeg 800w, https:\/\/islamiilimler.org.tr\/wp-content\/uploads\/2024\/02\/WhatsApp-Image-2024-02-28-at-19.04.43-2-400x300.jpeg 400w, https:\/\/islamiilimler.org.tr\/wp-content\/uploads\/2024\/02\/WhatsApp-Image-2024-02-28-at-19.04.43-2-200x150.jpeg 200w, https:\/\/islamiilimler.org.tr\/wp-content\/uploads\/2024\/02\/WhatsApp-Image-2024-02-28-at-19.04.43-2.jpeg 1600w\" sizes=\"auto, (max-width: 1024px) 100vw, 1024px\" \/><\/figure>\n\n\n\n<figure class=\"wp-block-image size-large\"><img loading=\"lazy\" decoding=\"async\" width=\"1024\" height=\"768\" data-id=\"2335\" src=\"https:\/\/islamiilimler.org.tr\/wp-content\/uploads\/2024\/02\/WhatsApp-Image-2024-02-28-at-19.04.43-1024x768.jpeg\" alt=\"\" class=\"wp-image-2335\" srcset=\"https:\/\/islamiilimler.org.tr\/wp-content\/uploads\/2024\/02\/WhatsApp-Image-2024-02-28-at-19.04.43-1024x768.jpeg 1024w, https:\/\/islamiilimler.org.tr\/wp-content\/uploads\/2024\/02\/WhatsApp-Image-2024-02-28-at-19.04.43-300x225.jpeg 300w, https:\/\/islamiilimler.org.tr\/wp-content\/uploads\/2024\/02\/WhatsApp-Image-2024-02-28-at-19.04.43-768x576.jpeg 768w, https:\/\/islamiilimler.org.tr\/wp-content\/uploads\/2024\/02\/WhatsApp-Image-2024-02-28-at-19.04.43-1536x1152.jpeg 1536w, https:\/\/islamiilimler.org.tr\/wp-content\/uploads\/2024\/02\/WhatsApp-Image-2024-02-28-at-19.04.43-1200x900.jpeg 1200w, https:\/\/islamiilimler.org.tr\/wp-content\/uploads\/2024\/02\/WhatsApp-Image-2024-02-28-at-19.04.43-800x600.jpeg 800w, https:\/\/islamiilimler.org.tr\/wp-content\/uploads\/2024\/02\/WhatsApp-Image-2024-02-28-at-19.04.43-400x300.jpeg 400w, https:\/\/islamiilimler.org.tr\/wp-content\/uploads\/2024\/02\/WhatsApp-Image-2024-02-28-at-19.04.43-200x150.jpeg 200w, https:\/\/islamiilimler.org.tr\/wp-content\/uploads\/2024\/02\/WhatsApp-Image-2024-02-28-at-19.04.43.jpeg 1600w\" sizes=\"auto, (max-width: 1024px) 100vw, 1024px\" \/><\/figure>\n<\/figure>\n\n\n\n<p class=\"has-text-align-center has-colibri-color-6-color has-text-color has-link-color wp-elements-f8b0ddff7dcf12f2fe79c288e9077ce0\">Vakf\u0131m\u0131z 2024 Y\u0131l\u0131 Ola\u011fan M\u00fctevelli Heyet Toplant\u0131s\u0131 ger\u00e7ekle\u015fti.<\/p>\n\n\n\n<p class=\"has-text-align-center has-colibri-color-6-color has-text-color has-link-color wp-elements-7ff125339a086bf4b710e68028b6b073\">Giresun Uygulama Otelinde yap\u0131lan toplant\u0131da ge\u00e7mi\u015f y\u0131l\u0131n de\u011ferlendirilmesi, vakf\u0131n ileriye d\u00f6n\u00fck hedefleri ve yeni y\u00f6netim kurulunun se\u00e7ilmesi gibi konular g\u00f6r\u00fc\u015f\u00fcld\u00fc. Y\u00f6netim kuruluna yeni \u00fcyeler se\u00e7ildi.<br>Yeni y\u00f6netim ve denetim kurulu organlar\u0131 a\u015fa\u011f\u0131daki \u015fekilde olu\u015fturuldu.<\/p>\n\n\n\n<p class=\"has-text-align-center has-colibri-color-6-color has-text-color has-link-color wp-elements-3dce737d96f801bb96918771c29aabf5\"><strong>Y\u00f6netim Kurulu Asil \u00dcyeler<\/strong><\/p>\n\n\n\n<p class=\"has-text-align-center has-colibri-color-6-color has-text-color has-link-color wp-elements-9d18505cdea678a556796221c1f7a573\">Seyfullah Kara<\/p>\n\n\n\n<p class=\"has-text-align-center has-colibri-color-6-color has-text-color has-link-color wp-elements-411adbedcf53f1178437bf39a248b09d\">Ayhan Akten<\/p>\n\n\n\n<p class=\"has-text-align-center has-colibri-color-6-color has-text-color has-link-color wp-elements-61baa8f6ba2ea2d83a2b721b63895f67\">Fikret Atar<\/p>\n\n\n\n<p class=\"has-text-align-center has-colibri-color-6-color has-text-color has-link-color wp-elements-3230d85d9ce6d35699e11806d8a6bc1b\">Ali Y\u0131lmaz<\/p>\n\n\n\n<p class=\"has-text-align-center has-colibri-color-6-color has-text-color has-link-color wp-elements-52b51c71b74c5e427477c09ad9f217fd\">\u0130slam Demirci<\/p>\n\n\n\n<p class=\"has-text-align-center has-colibri-color-6-color has-text-color has-link-color wp-elements-70a39d3df9e702ae618ef43036d66b67\">Mustafa Top\u015fir<\/p>\n\n\n\n<p class=\"has-text-align-center has-colibri-color-6-color has-text-color has-link-color wp-elements-6e8ce89e38035faf6af54d4a53862145\">Asiye Cesur<\/p>\n\n\n\n<p class=\"has-text-align-center has-colibri-color-6-color has-text-color has-link-color wp-elements-ebf37ca2a189d157e0ebb3710299eb2f\"><strong>Y\u00f6netim Kurulu Yedek \u00dcyeler<\/strong><\/p>\n\n\n\n<p class=\"has-text-align-center has-colibri-color-6-color has-text-color has-link-color wp-elements-3c70fdaa7587c7702e79215aa5002d8e\">Mustafa Tun\u00e7er<\/p>\n\n\n\n<p class=\"has-text-align-center has-colibri-color-6-color has-text-color has-link-color wp-elements-be8eea9cd7b8c0fbb465b278f834887e\">Fatih Yediy\u0131ld\u0131z<\/p>\n\n\n\n<p class=\"has-text-align-center has-colibri-color-6-color has-text-color has-link-color wp-elements-89e802a351e586c1e455639dbeba2089\">Ali P\u0131nar<\/p>\n\n\n\n<p class=\"has-text-align-center has-colibri-color-6-color has-text-color has-link-color wp-elements-09ddf9285a523d7b3950cda9c67e8ca6\"><strong>Denetim Kurulu Asil \u00dcyeler<\/strong><\/p>\n\n\n\n<p class=\"has-text-align-center has-colibri-color-6-color has-text-color has-link-color wp-elements-f943fdaea40e27968e1b89f4bb5ef385\">S\u00fcleyman Usta<\/p>\n\n\n\n<p class=\"has-text-align-center has-colibri-color-6-color has-text-color has-link-color wp-elements-fb10c0f34a168591fb318c1d00e93c71\">Mustafa \u00c7akmak<\/p>\n\n\n\n<p class=\"has-text-align-center has-colibri-color-6-color has-text-color has-link-color wp-elements-51c86b8a471535e45e57c4b4e430a9a7\">Zeki Soylu<\/p>\n\n\n\n<p class=\"has-text-align-center has-colibri-color-6-color has-text-color has-link-color wp-elements-5030fe246fceb5244982504d15e6a9a2\"><strong>Denetim Kurulu Yedek \u00dcyeler<\/strong><\/p>\n\n\n\n<p class=\"has-text-align-center has-colibri-color-6-color has-text-color has-link-color wp-elements-32be5f9cec7d1acd4e4daf18ef72119c\">Yavuz Selim G\u00f6l<\/p>\n\n\n\n<p class=\"has-text-align-center has-colibri-color-6-color has-text-color has-link-color wp-elements-f86bd162eaf871deb69057d443fc576e\">Sinan Ayd\u0131n<\/p>\n\n\n\n<p class=\"has-text-align-center has-colibri-color-6-color has-text-color has-link-color wp-elements-872bd75fe2ef52c55caa6ebcd662634b\">Kamil Ruhi Albayrak<\/p>\n","protected":false},"excerpt":{"rendered":"<p>Vakf\u0131m\u0131z 2024 Y\u0131l\u0131 Ola\u011fan M\u00fctevelli Heyet Toplant\u0131s\u0131 ger\u00e7ekle\u015fti. Giresun Uygulama Otelinde yap\u0131lan toplant\u0131da ge\u00e7mi\u015f y\u0131l\u0131n de\u011ferlendirilmesi, vakf\u0131n ileriye d\u00f6n\u00fck hedefleri ve yeni y\u00f6netim kurulunun se\u00e7ilmesi gibi konular g\u00f6r\u00fc\u015f\u00fcld\u00fc. Y\u00f6netim kuruluna yeni \u00fcyeler se\u00e7ildi.Yeni y\u00f6netim ve denetim kurulu organlar\u0131 a\u015fa\u011f\u0131daki \u015fekilde olu\u015fturuldu. Y\u00f6netim Kurulu Asil \u00dcyeler Seyfullah Kara Ayhan Akten Fikret Atar Ali Y\u0131lmaz \u0130slam Demirci [&hellip;]<\/p>\n","protected":false},"author":1,"featured_media":2333,"comment_status":"closed","ping_status":"open","sticky":false,"template":"","format":"standard","meta":{"footnotes":""},"categories":[3],"tags":[],"class_list":["post-2332","post","type-post","status-publish","format-standard","has-post-thumbnail","hentry","category-duyurular"],"yoast_head":"<!-- This site is optimized with the Yoast SEO plugin v27.4 - https:\/\/yoast.com\/product\/yoast-seo-wordpress\/ -->\n<title>Vakf\u0131m\u0131zda Bayrak De\u011fi\u015fimi ve M\u00fctevelli Heyeti Toplant\u0131s\u0131 - Giresun \u0130slami \u0130limler Vakf\u0131<\/title>\n<meta name=\"robots\" content=\"index, follow, max-snippet:-1, max-image-preview:large, max-video-preview:-1\" \/>\n<link rel=\"canonical\" href=\"https:\/\/islamiilimler.org.tr\/?p=2332\" \/>\n<meta property=\"og:locale\" content=\"tr_TR\" \/>\n<meta property=\"og:type\" content=\"article\" \/>\n<meta property=\"og:title\" content=\"Vakf\u0131m\u0131zda Bayrak De\u011fi\u015fimi ve M\u00fctevelli Heyeti Toplant\u0131s\u0131 - Giresun \u0130slami \u0130limler Vakf\u0131\" \/>\n<meta property=\"og:description\" content=\"Vakf\u0131m\u0131z 2024 Y\u0131l\u0131 Ola\u011fan M\u00fctevelli Heyet Toplant\u0131s\u0131 ger\u00e7ekle\u015fti. Giresun Uygulama Otelinde yap\u0131lan toplant\u0131da ge\u00e7mi\u015f y\u0131l\u0131n de\u011ferlendirilmesi, vakf\u0131n ileriye d\u00f6n\u00fck hedefleri ve yeni y\u00f6netim kurulunun se\u00e7ilmesi gibi konular g\u00f6r\u00fc\u015f\u00fcld\u00fc. Y\u00f6netim kuruluna yeni \u00fcyeler se\u00e7ildi.Yeni y\u00f6netim ve denetim kurulu organlar\u0131 a\u015fa\u011f\u0131daki \u015fekilde olu\u015fturuldu. Y\u00f6netim Kurulu Asil \u00dcyeler Seyfullah Kara Ayhan Akten Fikret Atar Ali Y\u0131lmaz \u0130slam Demirci [&hellip;]\" \/>\n<meta property=\"og:url\" content=\"https:\/\/islamiilimler.org.tr\/?p=2332\" \/>\n<meta property=\"og:site_name\" content=\"Giresun \u0130slami \u0130limler Vakf\u0131\" \/>\n<meta property=\"article:published_time\" content=\"2024-02-28T16:35:01+00:00\" \/>\n<meta property=\"article:modified_time\" content=\"2024-02-28T16:35:02+00:00\" \/>\n<meta property=\"og:image\" content=\"https:\/\/islamiilimler.org.tr\/wp-content\/uploads\/2024\/02\/WhatsApp-Image-2024-02-28-at-19.22.58.jpeg\" \/>\n\t<meta property=\"og:image:width\" content=\"2048\" \/>\n\t<meta property=\"og:image:height\" content=\"1153\" \/>\n\t<meta property=\"og:image:type\" content=\"image\/jpeg\" \/>\n<meta name=\"author\" content=\"Giresun \u0130slami \u0130limler Vakf\u0131\" \/>\n<meta name=\"twitter:card\" content=\"summary_large_image\" \/>\n<meta name=\"twitter:label1\" content=\"Yazan:\" \/>\n\t<meta name=\"twitter:data1\" content=\"Giresun \u0130slami \u0130limler Vakf\u0131\" \/>\n\t<meta name=\"twitter:label2\" content=\"Tahmini okuma s\u00fcresi\" \/>\n\t<meta name=\"twitter:data2\" content=\"2 dakika\" \/>\n<script type=\"application\/ld+json\" class=\"yoast-schema-graph\">{\"@context\":\"https:\\\/\\\/schema.org\",\"@graph\":[{\"@type\":\"Article\",\"@id\":\"https:\\\/\\\/islamiilimler.org.tr\\\/?p=2332#article\",\"isPartOf\":{\"@id\":\"https:\\\/\\\/islamiilimler.org.tr\\\/?p=2332\"},\"author\":{\"name\":\"Giresun \u0130slami \u0130limler Vakf\u0131\",\"@id\":\"https:\\\/\\\/islamiilimler.org.tr\\\/#\\\/schema\\\/person\\\/a063e2fd3094ae93d491f2c6624e0c44\"},\"headline\":\"Vakf\u0131m\u0131zda Bayrak De\u011fi\u015fimi ve M\u00fctevelli Heyeti Toplant\u0131s\u0131\",\"datePublished\":\"2024-02-28T16:35:01+00:00\",\"dateModified\":\"2024-02-28T16:35:02+00:00\",\"mainEntityOfPage\":{\"@id\":\"https:\\\/\\\/islamiilimler.org.tr\\\/?p=2332\"},\"wordCount\":142,\"publisher\":{\"@id\":\"https:\\\/\\\/islamiilimler.org.tr\\\/#organization\"},\"image\":{\"@id\":\"https:\\\/\\\/islamiilimler.org.tr\\\/?p=2332#primaryimage\"},\"thumbnailUrl\":\"https:\\\/\\\/islamiilimler.org.tr\\\/wp-content\\\/uploads\\\/2024\\\/02\\\/WhatsApp-Image-2024-02-28-at-19.22.58.jpeg\",\"articleSection\":[\"Duyurular\"],\"inLanguage\":\"tr\"},{\"@type\":\"WebPage\",\"@id\":\"https:\\\/\\\/islamiilimler.org.tr\\\/?p=2332\",\"url\":\"https:\\\/\\\/islamiilimler.org.tr\\\/?p=2332\",\"name\":\"Vakf\u0131m\u0131zda Bayrak De\u011fi\u015fimi ve M\u00fctevelli Heyeti Toplant\u0131s\u0131 - Giresun \u0130slami \u0130limler Vakf\u0131\",\"isPartOf\":{\"@id\":\"https:\\\/\\\/islamiilimler.org.tr\\\/#website\"},\"primaryImageOfPage\":{\"@id\":\"https:\\\/\\\/islamiilimler.org.tr\\\/?p=2332#primaryimage\"},\"image\":{\"@id\":\"https:\\\/\\\/islamiilimler.org.tr\\\/?p=2332#primaryimage\"},\"thumbnailUrl\":\"https:\\\/\\\/islamiilimler.org.tr\\\/wp-content\\\/uploads\\\/2024\\\/02\\\/WhatsApp-Image-2024-02-28-at-19.22.58.jpeg\",\"datePublished\":\"2024-02-28T16:35:01+00:00\",\"dateModified\":\"2024-02-28T16:35:02+00:00\",\"breadcrumb\":{\"@id\":\"https:\\\/\\\/islamiilimler.org.tr\\\/?p=2332#breadcrumb\"},\"inLanguage\":\"tr\",\"potentialAction\":[{\"@type\":\"ReadAction\",\"target\":[\"https:\\\/\\\/islamiilimler.org.tr\\\/?p=2332\"]}]},{\"@type\":\"ImageObject\",\"inLanguage\":\"tr\",\"@id\":\"https:\\\/\\\/islamiilimler.org.tr\\\/?p=2332#primaryimage\",\"url\":\"https:\\\/\\\/islamiilimler.org.tr\\\/wp-content\\\/uploads\\\/2024\\\/02\\\/WhatsApp-Image-2024-02-28-at-19.22.58.jpeg\",\"contentUrl\":\"https:\\\/\\\/islamiilimler.org.tr\\\/wp-content\\\/uploads\\\/2024\\\/02\\\/WhatsApp-Image-2024-02-28-at-19.22.58.jpeg\",\"width\":2048,\"height\":1153},{\"@type\":\"BreadcrumbList\",\"@id\":\"https:\\\/\\\/islamiilimler.org.tr\\\/?p=2332#breadcrumb\",\"itemListElement\":[{\"@type\":\"ListItem\",\"position\":1,\"name\":\"Anasayfa\",\"item\":\"https:\\\/\\\/islamiilimler.org.tr\\\/\"},{\"@type\":\"ListItem\",\"position\":2,\"name\":\"Vakf\u0131m\u0131zda Bayrak De\u011fi\u015fimi ve M\u00fctevelli Heyeti Toplant\u0131s\u0131\"}]},{\"@type\":\"WebSite\",\"@id\":\"https:\\\/\\\/islamiilimler.org.tr\\\/#website\",\"url\":\"https:\\\/\\\/islamiilimler.org.tr\\\/\",\"name\":\"Giresun \u0130slami \u0130limler Vakf\u0131\",\"description\":\"Hac\u0131siyam Mahallesi Atat\u00fcrk Bulvar\u0131 Fatih Apartman\u0131 No 65\\\/2 Kat 1 Daire 2 Giresun \\\/ Merkez T\u00fcrkiye GSM 1: 0535 463 6904 GSM 2: 0505 581 3395\",\"publisher\":{\"@id\":\"https:\\\/\\\/islamiilimler.org.tr\\\/#organization\"},\"potentialAction\":[{\"@type\":\"SearchAction\",\"target\":{\"@type\":\"EntryPoint\",\"urlTemplate\":\"https:\\\/\\\/islamiilimler.org.tr\\\/?s={search_term_string}\"},\"query-input\":{\"@type\":\"PropertyValueSpecification\",\"valueRequired\":true,\"valueName\":\"search_term_string\"}}],\"inLanguage\":\"tr\"},{\"@type\":\"Organization\",\"@id\":\"https:\\\/\\\/islamiilimler.org.tr\\\/#organization\",\"name\":\"Giresun \u0130slami \u0130limler Vakf\u0131\",\"url\":\"https:\\\/\\\/islamiilimler.org.tr\\\/\",\"logo\":{\"@type\":\"ImageObject\",\"inLanguage\":\"tr\",\"@id\":\"https:\\\/\\\/islamiilimler.org.tr\\\/#\\\/schema\\\/logo\\\/image\\\/\",\"url\":\"https:\\\/\\\/islamiilimler.org.tr\\\/wp-content\\\/uploads\\\/2022\\\/09\\\/cropped-logo-1.png\",\"contentUrl\":\"https:\\\/\\\/islamiilimler.org.tr\\\/wp-content\\\/uploads\\\/2022\\\/09\\\/cropped-logo-1.png\",\"width\":1500,\"height\":1500,\"caption\":\"Giresun \u0130slami \u0130limler Vakf\u0131\"},\"image\":{\"@id\":\"https:\\\/\\\/islamiilimler.org.tr\\\/#\\\/schema\\\/logo\\\/image\\\/\"}},{\"@type\":\"Person\",\"@id\":\"https:\\\/\\\/islamiilimler.org.tr\\\/#\\\/schema\\\/person\\\/a063e2fd3094ae93d491f2c6624e0c44\",\"name\":\"Giresun \u0130slami \u0130limler Vakf\u0131\",\"sameAs\":[\"http:\\\/\\\/islamiilimler.org.tr\"],\"url\":\"https:\\\/\\\/islamiilimler.org.tr\\\/?author=1\"}]}<\/script>\n<!-- \/ Yoast SEO plugin. -->","yoast_head_json":{"title":"Vakf\u0131m\u0131zda Bayrak De\u011fi\u015fimi ve M\u00fctevelli Heyeti Toplant\u0131s\u0131 - Giresun \u0130slami \u0130limler Vakf\u0131","robots":{"index":"index","follow":"follow","max-snippet":"max-snippet:-1","max-image-preview":"max-image-preview:large","max-video-preview":"max-video-preview:-1"},"canonical":"https:\/\/islamiilimler.org.tr\/?p=2332","og_locale":"tr_TR","og_type":"article","og_title":"Vakf\u0131m\u0131zda Bayrak De\u011fi\u015fimi ve M\u00fctevelli Heyeti Toplant\u0131s\u0131 - Giresun \u0130slami \u0130limler Vakf\u0131","og_description":"Vakf\u0131m\u0131z 2024 Y\u0131l\u0131 Ola\u011fan M\u00fctevelli Heyet Toplant\u0131s\u0131 ger\u00e7ekle\u015fti. Giresun Uygulama Otelinde yap\u0131lan toplant\u0131da ge\u00e7mi\u015f y\u0131l\u0131n de\u011ferlendirilmesi, vakf\u0131n ileriye d\u00f6n\u00fck hedefleri ve yeni y\u00f6netim kurulunun se\u00e7ilmesi gibi konular g\u00f6r\u00fc\u015f\u00fcld\u00fc. Y\u00f6netim kuruluna yeni \u00fcyeler se\u00e7ildi.Yeni y\u00f6netim ve denetim kurulu organlar\u0131 a\u015fa\u011f\u0131daki \u015fekilde olu\u015fturuldu. Y\u00f6netim Kurulu Asil \u00dcyeler Seyfullah Kara Ayhan Akten Fikret Atar Ali Y\u0131lmaz \u0130slam Demirci [&hellip;]","og_url":"https:\/\/islamiilimler.org.tr\/?p=2332","og_site_name":"Giresun \u0130slami \u0130limler Vakf\u0131","article_published_time":"2024-02-28T16:35:01+00:00","article_modified_time":"2024-02-28T16:35:02+00:00","og_image":[{"width":2048,"height":1153,"url":"https:\/\/islamiilimler.org.tr\/wp-content\/uploads\/2024\/02\/WhatsApp-Image-2024-02-28-at-19.22.58.jpeg","type":"image\/jpeg"}],"author":"Giresun \u0130slami \u0130limler Vakf\u0131","twitter_card":"summary_large_image","twitter_misc":{"Yazan:":"Giresun \u0130slami \u0130limler Vakf\u0131","Tahmini okuma s\u00fcresi":"2 dakika"},"schema":{"@context":"https:\/\/schema.org","@graph":[{"@type":"Article","@id":"https:\/\/islamiilimler.org.tr\/?p=2332#article","isPartOf":{"@id":"https:\/\/islamiilimler.org.tr\/?p=2332"},"author":{"name":"Giresun \u0130slami \u0130limler Vakf\u0131","@id":"https:\/\/islamiilimler.org.tr\/#\/schema\/person\/a063e2fd3094ae93d491f2c6624e0c44"},"headline":"Vakf\u0131m\u0131zda Bayrak De\u011fi\u015fimi ve M\u00fctevelli Heyeti Toplant\u0131s\u0131","datePublished":"2024-02-28T16:35:01+00:00","dateModified":"2024-02-28T16:35:02+00:00","mainEntityOfPage":{"@id":"https:\/\/islamiilimler.org.tr\/?p=2332"},"wordCount":142,"publisher":{"@id":"https:\/\/islamiilimler.org.tr\/#organization"},"image":{"@id":"https:\/\/islamiilimler.org.tr\/?p=2332#primaryimage"},"thumbnailUrl":"https:\/\/islamiilimler.org.tr\/wp-content\/uploads\/2024\/02\/WhatsApp-Image-2024-02-28-at-19.22.58.jpeg","articleSection":["Duyurular"],"inLanguage":"tr"},{"@type":"WebPage","@id":"https:\/\/islamiilimler.org.tr\/?p=2332","url":"https:\/\/islamiilimler.org.tr\/?p=2332","name":"Vakf\u0131m\u0131zda Bayrak De\u011fi\u015fimi ve M\u00fctevelli Heyeti Toplant\u0131s\u0131 - Giresun \u0130slami \u0130limler Vakf\u0131","isPartOf":{"@id":"https:\/\/islamiilimler.org.tr\/#website"},"primaryImageOfPage":{"@id":"https:\/\/islamiilimler.org.tr\/?p=2332#primaryimage"},"image":{"@id":"https:\/\/islamiilimler.org.tr\/?p=2332#primaryimage"},"thumbnailUrl":"https:\/\/islamiilimler.org.tr\/wp-content\/uploads\/2024\/02\/WhatsApp-Image-2024-02-28-at-19.22.58.jpeg","datePublished":"2024-02-28T16:35:01+00:00","dateModified":"2024-02-28T16:35:02+00:00","breadcrumb":{"@id":"https:\/\/islamiilimler.org.tr\/?p=2332#breadcrumb"},"inLanguage":"tr","potentialAction":[{"@type":"ReadAction","target":["https:\/\/islamiilimler.org.tr\/?p=2332"]}]},{"@type":"ImageObject","inLanguage":"tr","@id":"https:\/\/islamiilimler.org.tr\/?p=2332#primaryimage","url":"https:\/\/islamiilimler.org.tr\/wp-content\/uploads\/2024\/02\/WhatsApp-Image-2024-02-28-at-19.22.58.jpeg","contentUrl":"https:\/\/islamiilimler.org.tr\/wp-content\/uploads\/2024\/02\/WhatsApp-Image-2024-02-28-at-19.22.58.jpeg","width":2048,"height":1153},{"@type":"BreadcrumbList","@id":"https:\/\/islamiilimler.org.tr\/?p=2332#breadcrumb","itemListElement":[{"@type":"ListItem","position":1,"name":"Anasayfa","item":"https:\/\/islamiilimler.org.tr\/"},{"@type":"ListItem","position":2,"name":"Vakf\u0131m\u0131zda Bayrak De\u011fi\u015fimi ve M\u00fctevelli Heyeti Toplant\u0131s\u0131"}]},{"@type":"WebSite","@id":"https:\/\/islamiilimler.org.tr\/#website","url":"https:\/\/islamiilimler.org.tr\/","name":"Giresun \u0130slami \u0130limler Vakf\u0131","description":"Hac\u0131siyam Mahallesi Atat\u00fcrk Bulvar\u0131 Fatih Apartman\u0131 No 65\/2 Kat 1 Daire 2 Giresun \/ Merkez T\u00fcrkiye GSM 1: 0535 463 6904 GSM 2: 0505 581 3395","publisher":{"@id":"https:\/\/islamiilimler.org.tr\/#organization"},"potentialAction":[{"@type":"SearchAction","target":{"@type":"EntryPoint","urlTemplate":"https:\/\/islamiilimler.org.tr\/?s={search_term_string}"},"query-input":{"@type":"PropertyValueSpecification","valueRequired":true,"valueName":"search_term_string"}}],"inLanguage":"tr"},{"@type":"Organization","@id":"https:\/\/islamiilimler.org.tr\/#organization","name":"Giresun \u0130slami \u0130limler Vakf\u0131","url":"https:\/\/islamiilimler.org.tr\/","logo":{"@type":"ImageObject","inLanguage":"tr","@id":"https:\/\/islamiilimler.org.tr\/#\/schema\/logo\/image\/","url":"https:\/\/islamiilimler.org.tr\/wp-content\/uploads\/2022\/09\/cropped-logo-1.png","contentUrl":"https:\/\/islamiilimler.org.tr\/wp-content\/uploads\/2022\/09\/cropped-logo-1.png","width":1500,"height":1500,"caption":"Giresun \u0130slami \u0130limler Vakf\u0131"},"image":{"@id":"https:\/\/islamiilimler.org.tr\/#\/schema\/logo\/image\/"}},{"@type":"Person","@id":"https:\/\/islamiilimler.org.tr\/#\/schema\/person\/a063e2fd3094ae93d491f2c6624e0c44","name":"Giresun \u0130slami \u0130limler Vakf\u0131","sameAs":["http:\/\/islamiilimler.org.tr"],"url":"https:\/\/islamiilimler.org.tr\/?author=1"}]}},"_links":{"self":[{"href":"https:\/\/islamiilimler.org.tr\/index.php?rest_route=\/wp\/v2\/posts\/2332","targetHints":{"allow":["GET"]}}],"collection":[{"href":"https:\/\/islamiilimler.org.tr\/index.php?rest_route=\/wp\/v2\/posts"}],"about":[{"href":"https:\/\/islamiilimler.org.tr\/index.php?rest_route=\/wp\/v2\/types\/post"}],"author":[{"embeddable":true,"href":"https:\/\/islamiilimler.org.tr\/index.php?rest_route=\/wp\/v2\/users\/1"}],"replies":[{"embeddable":true,"href":"https:\/\/islamiilimler.org.tr\/index.php?rest_route=%2Fwp%2Fv2%2Fcomments&post=2332"}],"version-history":[{"count":1,"href":"https:\/\/islamiilimler.org.tr\/index.php?rest_route=\/wp\/v2\/posts\/2332\/revisions"}],"predecessor-version":[{"id":2338,"href":"https:\/\/islamiilimler.org.tr\/index.php?rest_route=\/wp\/v2\/posts\/2332\/revisions\/2338"}],"wp:featuredmedia":[{"embeddable":true,"href":"https:\/\/islamiilimler.org.tr\/index.php?rest_route=\/wp\/v2\/media\/2333"}],"wp:attachment":[{"href":"https:\/\/islamiilimler.org.tr\/index.php?rest_route=%2Fwp%2Fv2%2Fmedia&parent=2332"}],"wp:term":[{"taxonomy":"category","embeddable":true,"href":"https:\/\/islamiilimler.org.tr\/index.php?rest_route=%2Fwp%2Fv2%2Fcategories&post=2332"},{"taxonomy":"post_tag","embeddable":true,"href":"https:\/\/islamiilimler.org.tr\/index.php?rest_route=%2Fwp%2Fv2%2Ftags&post=2332"}],"curies":[{"name":"wp","href":"https:\/\/api.w.org\/{rel}","templated":true}]}}