{"id":2180,"date":"2023-06-27T17:21:07","date_gmt":"2023-06-27T14:21:07","guid":{"rendered":"https:\/\/islamiilimler.org.tr\/?p=2180"},"modified":"2023-09-26T17:11:12","modified_gmt":"2023-09-26T14:11:12","slug":"kurban-bayramimiz-kutlu-olsun","status":"publish","type":"post","link":"https:\/\/islamiilimler.org.tr\/?p=2180","title":{"rendered":"Kurban Bayram\u0131m\u0131z Kutlu Olsun"},"content":{"rendered":"\n<p class=\"has-colibri-color-6-color has-text-color\">Rabbimizin l\u00fctuflar\u0131yla dolu bu m\u00fcbarek g\u00fcnlerde, sevgi ve karde\u015flik duygular\u0131n\u0131n peki\u015fti\u011fi bir zaman diliminde bir araya gelmek dile\u011fiyle, Kurban Bayram\u0131n\u0131z\u0131 en i\u00e7ten duygularla kutlar\u0131z. <\/p>\n\n\n\n<p class=\"has-colibri-color-6-color has-text-color\">\ud83c\udf19\ud83d\udc11\ud83d\udd4c Kurban Bayram\u0131 M\u00fcbarek Olsun! \ud83d\udd4c\ud83d\udc11\ud83c\udf19<\/p>\n\n\n\n<figure class=\"wp-block-image size-large\"><img loading=\"lazy\" decoding=\"async\" width=\"1024\" height=\"1024\" src=\"https:\/\/islamiilimler.org.tr\/wp-content\/uploads\/2023\/06\/Mevlid-Kandilimiz-Mubarek-Olsun-1024x1024.png\" alt=\"\" class=\"wp-image-2181\" srcset=\"https:\/\/islamiilimler.org.tr\/wp-content\/uploads\/2023\/06\/Mevlid-Kandilimiz-Mubarek-Olsun-1024x1024.png 1024w, https:\/\/islamiilimler.org.tr\/wp-content\/uploads\/2023\/06\/Mevlid-Kandilimiz-Mubarek-Olsun-300x300.png 300w, https:\/\/islamiilimler.org.tr\/wp-content\/uploads\/2023\/06\/Mevlid-Kandilimiz-Mubarek-Olsun-150x150.png 150w, https:\/\/islamiilimler.org.tr\/wp-content\/uploads\/2023\/06\/Mevlid-Kandilimiz-Mubarek-Olsun-768x768.png 768w, https:\/\/islamiilimler.org.tr\/wp-content\/uploads\/2023\/06\/Mevlid-Kandilimiz-Mubarek-Olsun-1536x1536.png 1536w, https:\/\/islamiilimler.org.tr\/wp-content\/uploads\/2023\/06\/Mevlid-Kandilimiz-Mubarek-Olsun-2048x2048.png 2048w, https:\/\/islamiilimler.org.tr\/wp-content\/uploads\/2023\/06\/Mevlid-Kandilimiz-Mubarek-Olsun-1200x1200.png 1200w, https:\/\/islamiilimler.org.tr\/wp-content\/uploads\/2023\/06\/Mevlid-Kandilimiz-Mubarek-Olsun-800x800.png 800w, https:\/\/islamiilimler.org.tr\/wp-content\/uploads\/2023\/06\/Mevlid-Kandilimiz-Mubarek-Olsun-400x400.png 400w, https:\/\/islamiilimler.org.tr\/wp-content\/uploads\/2023\/06\/Mevlid-Kandilimiz-Mubarek-Olsun-200x200.png 200w\" sizes=\"auto, (max-width: 1024px) 100vw, 1024px\" \/><\/figure>\n","protected":false},"excerpt":{"rendered":"<p>Rabbimizin l\u00fctuflar\u0131yla dolu bu m\u00fcbarek g\u00fcnlerde, sevgi ve karde\u015flik duygular\u0131n\u0131n peki\u015fti\u011fi bir zaman diliminde bir araya gelmek dile\u011fiyle, Kurban Bayram\u0131n\u0131z\u0131 en i\u00e7ten duygularla kutlar\u0131z. \ud83c\udf19\ud83d\udc11\ud83d\udd4c Kurban Bayram\u0131 M\u00fcbarek Olsun! \ud83d\udd4c\ud83d\udc11\ud83c\udf19<\/p>\n","protected":false},"author":1,"featured_media":2181,"comment_status":"closed","ping_status":"open","sticky":false,"template":"","format":"standard","meta":{"footnotes":""},"categories":[38],"tags":[],"class_list":["post-2180","post","type-post","status-publish","format-standard","has-post-thumbnail","hentry","category-d-arsivi"],"yoast_head":"<!-- This site is optimized with the Yoast SEO plugin v27.4 - https:\/\/yoast.com\/product\/yoast-seo-wordpress\/ -->\n<title>Kurban Bayram\u0131m\u0131z Kutlu Olsun - Giresun \u0130slami \u0130limler Vakf\u0131<\/title>\n<meta name=\"robots\" content=\"index, follow, max-snippet:-1, max-image-preview:large, max-video-preview:-1\" \/>\n<link rel=\"canonical\" href=\"https:\/\/islamiilimler.org.tr\/?p=2180\" \/>\n<meta property=\"og:locale\" content=\"tr_TR\" \/>\n<meta property=\"og:type\" content=\"article\" \/>\n<meta property=\"og:title\" content=\"Kurban Bayram\u0131m\u0131z Kutlu Olsun - Giresun \u0130slami \u0130limler Vakf\u0131\" \/>\n<meta property=\"og:description\" content=\"Rabbimizin l\u00fctuflar\u0131yla dolu bu m\u00fcbarek g\u00fcnlerde, sevgi ve karde\u015flik duygular\u0131n\u0131n peki\u015fti\u011fi bir zaman diliminde bir araya gelmek dile\u011fiyle, Kurban Bayram\u0131n\u0131z\u0131 en i\u00e7ten duygularla kutlar\u0131z. \ud83c\udf19\ud83d\udc11\ud83d\udd4c Kurban Bayram\u0131 M\u00fcbarek Olsun! \ud83d\udd4c\ud83d\udc11\ud83c\udf19\" \/>\n<meta property=\"og:url\" content=\"https:\/\/islamiilimler.org.tr\/?p=2180\" \/>\n<meta property=\"og:site_name\" content=\"Giresun \u0130slami \u0130limler Vakf\u0131\" \/>\n<meta property=\"article:published_time\" content=\"2023-06-27T14:21:07+00:00\" \/>\n<meta property=\"article:modified_time\" content=\"2023-09-26T14:11:12+00:00\" \/>\n<meta property=\"og:image\" content=\"https:\/\/islamiilimler.org.tr\/wp-content\/uploads\/2023\/06\/Mevlid-Kandilimiz-Mubarek-Olsun.png\" \/>\n\t<meta property=\"og:image:width\" content=\"3375\" \/>\n\t<meta property=\"og:image:height\" content=\"3375\" \/>\n\t<meta property=\"og:image:type\" content=\"image\/png\" \/>\n<meta name=\"author\" content=\"Giresun \u0130slami \u0130limler Vakf\u0131\" \/>\n<meta name=\"twitter:card\" content=\"summary_large_image\" \/>\n<meta name=\"twitter:label1\" content=\"Yazan:\" \/>\n\t<meta name=\"twitter:data1\" content=\"Giresun \u0130slami \u0130limler Vakf\u0131\" \/>\n\t<meta name=\"twitter:label2\" content=\"Tahmini okuma s\u00fcresi\" \/>\n\t<meta name=\"twitter:data2\" content=\"1 dakika\" \/>\n<script type=\"application\/ld+json\" class=\"yoast-schema-graph\">{\"@context\":\"https:\\\/\\\/schema.org\",\"@graph\":[{\"@type\":\"Article\",\"@id\":\"https:\\\/\\\/islamiilimler.org.tr\\\/?p=2180#article\",\"isPartOf\":{\"@id\":\"https:\\\/\\\/islamiilimler.org.tr\\\/?p=2180\"},\"author\":{\"name\":\"Giresun \u0130slami \u0130limler Vakf\u0131\",\"@id\":\"https:\\\/\\\/islamiilimler.org.tr\\\/#\\\/schema\\\/person\\\/a063e2fd3094ae93d491f2c6624e0c44\"},\"headline\":\"Kurban Bayram\u0131m\u0131z Kutlu Olsun\",\"datePublished\":\"2023-06-27T14:21:07+00:00\",\"dateModified\":\"2023-09-26T14:11:12+00:00\",\"mainEntityOfPage\":{\"@id\":\"https:\\\/\\\/islamiilimler.org.tr\\\/?p=2180\"},\"wordCount\":49,\"publisher\":{\"@id\":\"https:\\\/\\\/islamiilimler.org.tr\\\/#organization\"},\"image\":{\"@id\":\"https:\\\/\\\/islamiilimler.org.tr\\\/?p=2180#primaryimage\"},\"thumbnailUrl\":\"https:\\\/\\\/islamiilimler.org.tr\\\/wp-content\\\/uploads\\\/2023\\\/06\\\/Mevlid-Kandilimiz-Mubarek-Olsun.png\",\"articleSection\":[\"Duyuru Ar\u015fivi\"],\"inLanguage\":\"tr\"},{\"@type\":\"WebPage\",\"@id\":\"https:\\\/\\\/islamiilimler.org.tr\\\/?p=2180\",\"url\":\"https:\\\/\\\/islamiilimler.org.tr\\\/?p=2180\",\"name\":\"Kurban Bayram\u0131m\u0131z Kutlu Olsun - Giresun \u0130slami \u0130limler Vakf\u0131\",\"isPartOf\":{\"@id\":\"https:\\\/\\\/islamiilimler.org.tr\\\/#website\"},\"primaryImageOfPage\":{\"@id\":\"https:\\\/\\\/islamiilimler.org.tr\\\/?p=2180#primaryimage\"},\"image\":{\"@id\":\"https:\\\/\\\/islamiilimler.org.tr\\\/?p=2180#primaryimage\"},\"thumbnailUrl\":\"https:\\\/\\\/islamiilimler.org.tr\\\/wp-content\\\/uploads\\\/2023\\\/06\\\/Mevlid-Kandilimiz-Mubarek-Olsun.png\",\"datePublished\":\"2023-06-27T14:21:07+00:00\",\"dateModified\":\"2023-09-26T14:11:12+00:00\",\"breadcrumb\":{\"@id\":\"https:\\\/\\\/islamiilimler.org.tr\\\/?p=2180#breadcrumb\"},\"inLanguage\":\"tr\",\"potentialAction\":[{\"@type\":\"ReadAction\",\"target\":[\"https:\\\/\\\/islamiilimler.org.tr\\\/?p=2180\"]}]},{\"@type\":\"ImageObject\",\"inLanguage\":\"tr\",\"@id\":\"https:\\\/\\\/islamiilimler.org.tr\\\/?p=2180#primaryimage\",\"url\":\"https:\\\/\\\/islamiilimler.org.tr\\\/wp-content\\\/uploads\\\/2023\\\/06\\\/Mevlid-Kandilimiz-Mubarek-Olsun.png\",\"contentUrl\":\"https:\\\/\\\/islamiilimler.org.tr\\\/wp-content\\\/uploads\\\/2023\\\/06\\\/Mevlid-Kandilimiz-Mubarek-Olsun.png\",\"width\":3375,\"height\":3375},{\"@type\":\"BreadcrumbList\",\"@id\":\"https:\\\/\\\/islamiilimler.org.tr\\\/?p=2180#breadcrumb\",\"itemListElement\":[{\"@type\":\"ListItem\",\"position\":1,\"name\":\"Anasayfa\",\"item\":\"https:\\\/\\\/islamiilimler.org.tr\\\/\"},{\"@type\":\"ListItem\",\"position\":2,\"name\":\"Kurban Bayram\u0131m\u0131z Kutlu Olsun\"}]},{\"@type\":\"WebSite\",\"@id\":\"https:\\\/\\\/islamiilimler.org.tr\\\/#website\",\"url\":\"https:\\\/\\\/islamiilimler.org.tr\\\/\",\"name\":\"Giresun \u0130slami \u0130limler Vakf\u0131\",\"description\":\"Hac\u0131siyam Mahallesi Atat\u00fcrk Bulvar\u0131 Fatih Apartman\u0131 No 65\\\/2 Kat 1 Daire 2 Giresun \\\/ Merkez T\u00fcrkiye GSM 1: 0535 463 6904 GSM 2: 0505 581 3395\",\"publisher\":{\"@id\":\"https:\\\/\\\/islamiilimler.org.tr\\\/#organization\"},\"potentialAction\":[{\"@type\":\"SearchAction\",\"target\":{\"@type\":\"EntryPoint\",\"urlTemplate\":\"https:\\\/\\\/islamiilimler.org.tr\\\/?s={search_term_string}\"},\"query-input\":{\"@type\":\"PropertyValueSpecification\",\"valueRequired\":true,\"valueName\":\"search_term_string\"}}],\"inLanguage\":\"tr\"},{\"@type\":\"Organization\",\"@id\":\"https:\\\/\\\/islamiilimler.org.tr\\\/#organization\",\"name\":\"Giresun \u0130slami \u0130limler Vakf\u0131\",\"url\":\"https:\\\/\\\/islamiilimler.org.tr\\\/\",\"logo\":{\"@type\":\"ImageObject\",\"inLanguage\":\"tr\",\"@id\":\"https:\\\/\\\/islamiilimler.org.tr\\\/#\\\/schema\\\/logo\\\/image\\\/\",\"url\":\"https:\\\/\\\/islamiilimler.org.tr\\\/wp-content\\\/uploads\\\/2022\\\/09\\\/cropped-logo-1.png\",\"contentUrl\":\"https:\\\/\\\/islamiilimler.org.tr\\\/wp-content\\\/uploads\\\/2022\\\/09\\\/cropped-logo-1.png\",\"width\":1500,\"height\":1500,\"caption\":\"Giresun \u0130slami \u0130limler Vakf\u0131\"},\"image\":{\"@id\":\"https:\\\/\\\/islamiilimler.org.tr\\\/#\\\/schema\\\/logo\\\/image\\\/\"}},{\"@type\":\"Person\",\"@id\":\"https:\\\/\\\/islamiilimler.org.tr\\\/#\\\/schema\\\/person\\\/a063e2fd3094ae93d491f2c6624e0c44\",\"name\":\"Giresun \u0130slami \u0130limler Vakf\u0131\",\"sameAs\":[\"http:\\\/\\\/islamiilimler.org.tr\"],\"url\":\"https:\\\/\\\/islamiilimler.org.tr\\\/?author=1\"}]}<\/script>\n<!-- \/ Yoast SEO plugin. -->","yoast_head_json":{"title":"Kurban Bayram\u0131m\u0131z Kutlu Olsun - Giresun \u0130slami \u0130limler Vakf\u0131","robots":{"index":"index","follow":"follow","max-snippet":"max-snippet:-1","max-image-preview":"max-image-preview:large","max-video-preview":"max-video-preview:-1"},"canonical":"https:\/\/islamiilimler.org.tr\/?p=2180","og_locale":"tr_TR","og_type":"article","og_title":"Kurban Bayram\u0131m\u0131z Kutlu Olsun - Giresun \u0130slami \u0130limler Vakf\u0131","og_description":"Rabbimizin l\u00fctuflar\u0131yla dolu bu m\u00fcbarek g\u00fcnlerde, sevgi ve karde\u015flik duygular\u0131n\u0131n peki\u015fti\u011fi bir zaman diliminde bir araya gelmek dile\u011fiyle, Kurban Bayram\u0131n\u0131z\u0131 en i\u00e7ten duygularla kutlar\u0131z. \ud83c\udf19\ud83d\udc11\ud83d\udd4c Kurban Bayram\u0131 M\u00fcbarek Olsun! \ud83d\udd4c\ud83d\udc11\ud83c\udf19","og_url":"https:\/\/islamiilimler.org.tr\/?p=2180","og_site_name":"Giresun \u0130slami \u0130limler Vakf\u0131","article_published_time":"2023-06-27T14:21:07+00:00","article_modified_time":"2023-09-26T14:11:12+00:00","og_image":[{"width":3375,"height":3375,"url":"https:\/\/islamiilimler.org.tr\/wp-content\/uploads\/2023\/06\/Mevlid-Kandilimiz-Mubarek-Olsun.png","type":"image\/png"}],"author":"Giresun \u0130slami \u0130limler Vakf\u0131","twitter_card":"summary_large_image","twitter_misc":{"Yazan:":"Giresun \u0130slami \u0130limler Vakf\u0131","Tahmini okuma s\u00fcresi":"1 dakika"},"schema":{"@context":"https:\/\/schema.org","@graph":[{"@type":"Article","@id":"https:\/\/islamiilimler.org.tr\/?p=2180#article","isPartOf":{"@id":"https:\/\/islamiilimler.org.tr\/?p=2180"},"author":{"name":"Giresun \u0130slami \u0130limler Vakf\u0131","@id":"https:\/\/islamiilimler.org.tr\/#\/schema\/person\/a063e2fd3094ae93d491f2c6624e0c44"},"headline":"Kurban Bayram\u0131m\u0131z Kutlu Olsun","datePublished":"2023-06-27T14:21:07+00:00","dateModified":"2023-09-26T14:11:12+00:00","mainEntityOfPage":{"@id":"https:\/\/islamiilimler.org.tr\/?p=2180"},"wordCount":49,"publisher":{"@id":"https:\/\/islamiilimler.org.tr\/#organization"},"image":{"@id":"https:\/\/islamiilimler.org.tr\/?p=2180#primaryimage"},"thumbnailUrl":"https:\/\/islamiilimler.org.tr\/wp-content\/uploads\/2023\/06\/Mevlid-Kandilimiz-Mubarek-Olsun.png","articleSection":["Duyuru Ar\u015fivi"],"inLanguage":"tr"},{"@type":"WebPage","@id":"https:\/\/islamiilimler.org.tr\/?p=2180","url":"https:\/\/islamiilimler.org.tr\/?p=2180","name":"Kurban Bayram\u0131m\u0131z Kutlu Olsun - Giresun \u0130slami \u0130limler Vakf\u0131","isPartOf":{"@id":"https:\/\/islamiilimler.org.tr\/#website"},"primaryImageOfPage":{"@id":"https:\/\/islamiilimler.org.tr\/?p=2180#primaryimage"},"image":{"@id":"https:\/\/islamiilimler.org.tr\/?p=2180#primaryimage"},"thumbnailUrl":"https:\/\/islamiilimler.org.tr\/wp-content\/uploads\/2023\/06\/Mevlid-Kandilimiz-Mubarek-Olsun.png","datePublished":"2023-06-27T14:21:07+00:00","dateModified":"2023-09-26T14:11:12+00:00","breadcrumb":{"@id":"https:\/\/islamiilimler.org.tr\/?p=2180#breadcrumb"},"inLanguage":"tr","potentialAction":[{"@type":"ReadAction","target":["https:\/\/islamiilimler.org.tr\/?p=2180"]}]},{"@type":"ImageObject","inLanguage":"tr","@id":"https:\/\/islamiilimler.org.tr\/?p=2180#primaryimage","url":"https:\/\/islamiilimler.org.tr\/wp-content\/uploads\/2023\/06\/Mevlid-Kandilimiz-Mubarek-Olsun.png","contentUrl":"https:\/\/islamiilimler.org.tr\/wp-content\/uploads\/2023\/06\/Mevlid-Kandilimiz-Mubarek-Olsun.png","width":3375,"height":3375},{"@type":"BreadcrumbList","@id":"https:\/\/islamiilimler.org.tr\/?p=2180#breadcrumb","itemListElement":[{"@type":"ListItem","position":1,"name":"Anasayfa","item":"https:\/\/islamiilimler.org.tr\/"},{"@type":"ListItem","position":2,"name":"Kurban Bayram\u0131m\u0131z Kutlu Olsun"}]},{"@type":"WebSite","@id":"https:\/\/islamiilimler.org.tr\/#website","url":"https:\/\/islamiilimler.org.tr\/","name":"Giresun \u0130slami \u0130limler Vakf\u0131","description":"Hac\u0131siyam Mahallesi Atat\u00fcrk Bulvar\u0131 Fatih Apartman\u0131 No 65\/2 Kat 1 Daire 2 Giresun \/ Merkez T\u00fcrkiye GSM 1: 0535 463 6904 GSM 2: 0505 581 3395","publisher":{"@id":"https:\/\/islamiilimler.org.tr\/#organization"},"potentialAction":[{"@type":"SearchAction","target":{"@type":"EntryPoint","urlTemplate":"https:\/\/islamiilimler.org.tr\/?s={search_term_string}"},"query-input":{"@type":"PropertyValueSpecification","valueRequired":true,"valueName":"search_term_string"}}],"inLanguage":"tr"},{"@type":"Organization","@id":"https:\/\/islamiilimler.org.tr\/#organization","name":"Giresun \u0130slami \u0130limler Vakf\u0131","url":"https:\/\/islamiilimler.org.tr\/","logo":{"@type":"ImageObject","inLanguage":"tr","@id":"https:\/\/islamiilimler.org.tr\/#\/schema\/logo\/image\/","url":"https:\/\/islamiilimler.org.tr\/wp-content\/uploads\/2022\/09\/cropped-logo-1.png","contentUrl":"https:\/\/islamiilimler.org.tr\/wp-content\/uploads\/2022\/09\/cropped-logo-1.png","width":1500,"height":1500,"caption":"Giresun \u0130slami \u0130limler Vakf\u0131"},"image":{"@id":"https:\/\/islamiilimler.org.tr\/#\/schema\/logo\/image\/"}},{"@type":"Person","@id":"https:\/\/islamiilimler.org.tr\/#\/schema\/person\/a063e2fd3094ae93d491f2c6624e0c44","name":"Giresun \u0130slami \u0130limler Vakf\u0131","sameAs":["http:\/\/islamiilimler.org.tr"],"url":"https:\/\/islamiilimler.org.tr\/?author=1"}]}},"_links":{"self":[{"href":"https:\/\/islamiilimler.org.tr\/index.php?rest_route=\/wp\/v2\/posts\/2180","targetHints":{"allow":["GET"]}}],"collection":[{"href":"https:\/\/islamiilimler.org.tr\/index.php?rest_route=\/wp\/v2\/posts"}],"about":[{"href":"https:\/\/islamiilimler.org.tr\/index.php?rest_route=\/wp\/v2\/types\/post"}],"author":[{"embeddable":true,"href":"https:\/\/islamiilimler.org.tr\/index.php?rest_route=\/wp\/v2\/users\/1"}],"replies":[{"embeddable":true,"href":"https:\/\/islamiilimler.org.tr\/index.php?rest_route=%2Fwp%2Fv2%2Fcomments&post=2180"}],"version-history":[{"count":1,"href":"https:\/\/islamiilimler.org.tr\/index.php?rest_route=\/wp\/v2\/posts\/2180\/revisions"}],"predecessor-version":[{"id":2182,"href":"https:\/\/islamiilimler.org.tr\/index.php?rest_route=\/wp\/v2\/posts\/2180\/revisions\/2182"}],"wp:featuredmedia":[{"embeddable":true,"href":"https:\/\/islamiilimler.org.tr\/index.php?rest_route=\/wp\/v2\/media\/2181"}],"wp:attachment":[{"href":"https:\/\/islamiilimler.org.tr\/index.php?rest_route=%2Fwp%2Fv2%2Fmedia&parent=2180"}],"wp:term":[{"taxonomy":"category","embeddable":true,"href":"https:\/\/islamiilimler.org.tr\/index.php?rest_route=%2Fwp%2Fv2%2Fcategories&post=2180"},{"taxonomy":"post_tag","embeddable":true,"href":"https:\/\/islamiilimler.org.tr\/index.php?rest_route=%2Fwp%2Fv2%2Ftags&post=2180"}],"curies":[{"name":"wp","href":"https:\/\/api.w.org\/{rel}","templated":true}]}}