{"id":2128,"date":"2023-03-21T16:07:25","date_gmt":"2023-03-21T13:07:25","guid":{"rendered":"https:\/\/islamiilimler.org.tr\/?p=2128"},"modified":"2023-09-26T17:10:50","modified_gmt":"2023-09-26T14:10:50","slug":"ramazani-serifimiz-mubarek-olsun","status":"publish","type":"post","link":"https:\/\/islamiilimler.org.tr\/?p=2128","title":{"rendered":"Ramazan\u0131 \u015eerifimiz M\u00fcbarek Olsun"},"content":{"rendered":"","protected":false},"excerpt":{"rendered":"","protected":false},"author":1,"featured_media":2129,"comment_status":"closed","ping_status":"open","sticky":false,"template":"","format":"standard","meta":{"footnotes":""},"categories":[38],"tags":[],"class_list":["post-2128","post","type-post","status-publish","format-standard","has-post-thumbnail","hentry","category-d-arsivi"],"yoast_head":"<!-- This site is optimized with the Yoast SEO plugin v27.5 - https:\/\/yoast.com\/product\/yoast-seo-wordpress\/ -->\n<title>Ramazan\u0131 \u015eerifimiz M\u00fcbarek Olsun - Giresun \u0130slami \u0130limler Vakf\u0131<\/title>\n<meta name=\"robots\" content=\"index, follow, max-snippet:-1, max-image-preview:large, max-video-preview:-1\" \/>\n<link rel=\"canonical\" href=\"https:\/\/islamiilimler.org.tr\/?p=2128\" \/>\n<meta property=\"og:locale\" content=\"tr_TR\" \/>\n<meta property=\"og:type\" content=\"article\" \/>\n<meta property=\"og:title\" content=\"Ramazan\u0131 \u015eerifimiz M\u00fcbarek Olsun - Giresun \u0130slami \u0130limler Vakf\u0131\" \/>\n<meta property=\"og:url\" content=\"https:\/\/islamiilimler.org.tr\/?p=2128\" \/>\n<meta property=\"og:site_name\" content=\"Giresun \u0130slami \u0130limler Vakf\u0131\" \/>\n<meta property=\"article:published_time\" content=\"2023-03-21T13:07:25+00:00\" \/>\n<meta property=\"article:modified_time\" content=\"2023-09-26T14:10:50+00:00\" \/>\n<meta property=\"og:image\" content=\"https:\/\/islamiilimler.org.tr\/wp-content\/uploads\/2023\/03\/Ramazan-vakif.png\" \/>\n\t<meta property=\"og:image:width\" content=\"3375\" \/>\n\t<meta property=\"og:image:height\" content=\"3375\" \/>\n\t<meta property=\"og:image:type\" content=\"image\/png\" \/>\n<meta name=\"author\" content=\"Giresun \u0130slami \u0130limler Vakf\u0131\" \/>\n<meta name=\"twitter:card\" content=\"summary_large_image\" \/>\n<meta name=\"twitter:label1\" content=\"Yazan:\" \/>\n\t<meta name=\"twitter:data1\" content=\"Giresun \u0130slami \u0130limler Vakf\u0131\" \/>\n\t<meta name=\"twitter:label2\" content=\"Tahmini okuma s\u00fcresi\" \/>\n\t<meta name=\"twitter:data2\" content=\"1 dakika\" \/>\n<script type=\"application\/ld+json\" class=\"yoast-schema-graph\">{\"@context\":\"https:\\\/\\\/schema.org\",\"@graph\":[{\"@type\":\"Article\",\"@id\":\"https:\\\/\\\/islamiilimler.org.tr\\\/?p=2128#article\",\"isPartOf\":{\"@id\":\"https:\\\/\\\/islamiilimler.org.tr\\\/?p=2128\"},\"author\":{\"name\":\"Giresun \u0130slami \u0130limler Vakf\u0131\",\"@id\":\"https:\\\/\\\/islamiilimler.org.tr\\\/#\\\/schema\\\/person\\\/a063e2fd3094ae93d491f2c6624e0c44\"},\"headline\":\"Ramazan\u0131 \u015eerifimiz M\u00fcbarek Olsun\",\"datePublished\":\"2023-03-21T13:07:25+00:00\",\"dateModified\":\"2023-09-26T14:10:50+00:00\",\"mainEntityOfPage\":{\"@id\":\"https:\\\/\\\/islamiilimler.org.tr\\\/?p=2128\"},\"wordCount\":5,\"publisher\":{\"@id\":\"https:\\\/\\\/islamiilimler.org.tr\\\/#organization\"},\"image\":{\"@id\":\"https:\\\/\\\/islamiilimler.org.tr\\\/?p=2128#primaryimage\"},\"thumbnailUrl\":\"https:\\\/\\\/islamiilimler.org.tr\\\/wp-content\\\/uploads\\\/2023\\\/03\\\/Ramazan-vakif.png\",\"articleSection\":[\"Duyuru Ar\u015fivi\"],\"inLanguage\":\"tr\"},{\"@type\":\"WebPage\",\"@id\":\"https:\\\/\\\/islamiilimler.org.tr\\\/?p=2128\",\"url\":\"https:\\\/\\\/islamiilimler.org.tr\\\/?p=2128\",\"name\":\"Ramazan\u0131 \u015eerifimiz M\u00fcbarek Olsun - Giresun \u0130slami \u0130limler Vakf\u0131\",\"isPartOf\":{\"@id\":\"https:\\\/\\\/islamiilimler.org.tr\\\/#website\"},\"primaryImageOfPage\":{\"@id\":\"https:\\\/\\\/islamiilimler.org.tr\\\/?p=2128#primaryimage\"},\"image\":{\"@id\":\"https:\\\/\\\/islamiilimler.org.tr\\\/?p=2128#primaryimage\"},\"thumbnailUrl\":\"https:\\\/\\\/islamiilimler.org.tr\\\/wp-content\\\/uploads\\\/2023\\\/03\\\/Ramazan-vakif.png\",\"datePublished\":\"2023-03-21T13:07:25+00:00\",\"dateModified\":\"2023-09-26T14:10:50+00:00\",\"breadcrumb\":{\"@id\":\"https:\\\/\\\/islamiilimler.org.tr\\\/?p=2128#breadcrumb\"},\"inLanguage\":\"tr\",\"potentialAction\":[{\"@type\":\"ReadAction\",\"target\":[\"https:\\\/\\\/islamiilimler.org.tr\\\/?p=2128\"]}]},{\"@type\":\"ImageObject\",\"inLanguage\":\"tr\",\"@id\":\"https:\\\/\\\/islamiilimler.org.tr\\\/?p=2128#primaryimage\",\"url\":\"https:\\\/\\\/islamiilimler.org.tr\\\/wp-content\\\/uploads\\\/2023\\\/03\\\/Ramazan-vakif.png\",\"contentUrl\":\"https:\\\/\\\/islamiilimler.org.tr\\\/wp-content\\\/uploads\\\/2023\\\/03\\\/Ramazan-vakif.png\",\"width\":3375,\"height\":3375},{\"@type\":\"BreadcrumbList\",\"@id\":\"https:\\\/\\\/islamiilimler.org.tr\\\/?p=2128#breadcrumb\",\"itemListElement\":[{\"@type\":\"ListItem\",\"position\":1,\"name\":\"Anasayfa\",\"item\":\"https:\\\/\\\/islamiilimler.org.tr\\\/\"},{\"@type\":\"ListItem\",\"position\":2,\"name\":\"Ramazan\u0131 \u015eerifimiz M\u00fcbarek Olsun\"}]},{\"@type\":\"WebSite\",\"@id\":\"https:\\\/\\\/islamiilimler.org.tr\\\/#website\",\"url\":\"https:\\\/\\\/islamiilimler.org.tr\\\/\",\"name\":\"Giresun \u0130slami \u0130limler Vakf\u0131\",\"description\":\"Hac\u0131siyam Mahallesi Atat\u00fcrk Bulvar\u0131 Fatih Apartman\u0131 No 65\\\/2 Kat 1 Daire 2 Giresun \\\/ Merkez T\u00fcrkiye GSM 1: 0535 463 6904 GSM 2: 0505 581 3395\",\"publisher\":{\"@id\":\"https:\\\/\\\/islamiilimler.org.tr\\\/#organization\"},\"potentialAction\":[{\"@type\":\"SearchAction\",\"target\":{\"@type\":\"EntryPoint\",\"urlTemplate\":\"https:\\\/\\\/islamiilimler.org.tr\\\/?s={search_term_string}\"},\"query-input\":{\"@type\":\"PropertyValueSpecification\",\"valueRequired\":true,\"valueName\":\"search_term_string\"}}],\"inLanguage\":\"tr\"},{\"@type\":\"Organization\",\"@id\":\"https:\\\/\\\/islamiilimler.org.tr\\\/#organization\",\"name\":\"Giresun \u0130slami \u0130limler Vakf\u0131\",\"url\":\"https:\\\/\\\/islamiilimler.org.tr\\\/\",\"logo\":{\"@type\":\"ImageObject\",\"inLanguage\":\"tr\",\"@id\":\"https:\\\/\\\/islamiilimler.org.tr\\\/#\\\/schema\\\/logo\\\/image\\\/\",\"url\":\"https:\\\/\\\/islamiilimler.org.tr\\\/wp-content\\\/uploads\\\/2022\\\/09\\\/cropped-logo-1.png\",\"contentUrl\":\"https:\\\/\\\/islamiilimler.org.tr\\\/wp-content\\\/uploads\\\/2022\\\/09\\\/cropped-logo-1.png\",\"width\":1500,\"height\":1500,\"caption\":\"Giresun \u0130slami \u0130limler Vakf\u0131\"},\"image\":{\"@id\":\"https:\\\/\\\/islamiilimler.org.tr\\\/#\\\/schema\\\/logo\\\/image\\\/\"}},{\"@type\":\"Person\",\"@id\":\"https:\\\/\\\/islamiilimler.org.tr\\\/#\\\/schema\\\/person\\\/a063e2fd3094ae93d491f2c6624e0c44\",\"name\":\"Giresun \u0130slami \u0130limler Vakf\u0131\",\"sameAs\":[\"http:\\\/\\\/islamiilimler.org.tr\"],\"url\":\"https:\\\/\\\/islamiilimler.org.tr\\\/?author=1\"}]}<\/script>\n<!-- \/ Yoast SEO plugin. -->","yoast_head_json":{"title":"Ramazan\u0131 \u015eerifimiz M\u00fcbarek Olsun - Giresun \u0130slami \u0130limler Vakf\u0131","robots":{"index":"index","follow":"follow","max-snippet":"max-snippet:-1","max-image-preview":"max-image-preview:large","max-video-preview":"max-video-preview:-1"},"canonical":"https:\/\/islamiilimler.org.tr\/?p=2128","og_locale":"tr_TR","og_type":"article","og_title":"Ramazan\u0131 \u015eerifimiz M\u00fcbarek Olsun - Giresun \u0130slami \u0130limler Vakf\u0131","og_url":"https:\/\/islamiilimler.org.tr\/?p=2128","og_site_name":"Giresun \u0130slami \u0130limler Vakf\u0131","article_published_time":"2023-03-21T13:07:25+00:00","article_modified_time":"2023-09-26T14:10:50+00:00","og_image":[{"width":3375,"height":3375,"url":"https:\/\/islamiilimler.org.tr\/wp-content\/uploads\/2023\/03\/Ramazan-vakif.png","type":"image\/png"}],"author":"Giresun \u0130slami \u0130limler Vakf\u0131","twitter_card":"summary_large_image","twitter_misc":{"Yazan:":"Giresun \u0130slami \u0130limler Vakf\u0131","Tahmini okuma s\u00fcresi":"1 dakika"},"schema":{"@context":"https:\/\/schema.org","@graph":[{"@type":"Article","@id":"https:\/\/islamiilimler.org.tr\/?p=2128#article","isPartOf":{"@id":"https:\/\/islamiilimler.org.tr\/?p=2128"},"author":{"name":"Giresun \u0130slami \u0130limler Vakf\u0131","@id":"https:\/\/islamiilimler.org.tr\/#\/schema\/person\/a063e2fd3094ae93d491f2c6624e0c44"},"headline":"Ramazan\u0131 \u015eerifimiz M\u00fcbarek Olsun","datePublished":"2023-03-21T13:07:25+00:00","dateModified":"2023-09-26T14:10:50+00:00","mainEntityOfPage":{"@id":"https:\/\/islamiilimler.org.tr\/?p=2128"},"wordCount":5,"publisher":{"@id":"https:\/\/islamiilimler.org.tr\/#organization"},"image":{"@id":"https:\/\/islamiilimler.org.tr\/?p=2128#primaryimage"},"thumbnailUrl":"https:\/\/islamiilimler.org.tr\/wp-content\/uploads\/2023\/03\/Ramazan-vakif.png","articleSection":["Duyuru Ar\u015fivi"],"inLanguage":"tr"},{"@type":"WebPage","@id":"https:\/\/islamiilimler.org.tr\/?p=2128","url":"https:\/\/islamiilimler.org.tr\/?p=2128","name":"Ramazan\u0131 \u015eerifimiz M\u00fcbarek Olsun - Giresun \u0130slami \u0130limler Vakf\u0131","isPartOf":{"@id":"https:\/\/islamiilimler.org.tr\/#website"},"primaryImageOfPage":{"@id":"https:\/\/islamiilimler.org.tr\/?p=2128#primaryimage"},"image":{"@id":"https:\/\/islamiilimler.org.tr\/?p=2128#primaryimage"},"thumbnailUrl":"https:\/\/islamiilimler.org.tr\/wp-content\/uploads\/2023\/03\/Ramazan-vakif.png","datePublished":"2023-03-21T13:07:25+00:00","dateModified":"2023-09-26T14:10:50+00:00","breadcrumb":{"@id":"https:\/\/islamiilimler.org.tr\/?p=2128#breadcrumb"},"inLanguage":"tr","potentialAction":[{"@type":"ReadAction","target":["https:\/\/islamiilimler.org.tr\/?p=2128"]}]},{"@type":"ImageObject","inLanguage":"tr","@id":"https:\/\/islamiilimler.org.tr\/?p=2128#primaryimage","url":"https:\/\/islamiilimler.org.tr\/wp-content\/uploads\/2023\/03\/Ramazan-vakif.png","contentUrl":"https:\/\/islamiilimler.org.tr\/wp-content\/uploads\/2023\/03\/Ramazan-vakif.png","width":3375,"height":3375},{"@type":"BreadcrumbList","@id":"https:\/\/islamiilimler.org.tr\/?p=2128#breadcrumb","itemListElement":[{"@type":"ListItem","position":1,"name":"Anasayfa","item":"https:\/\/islamiilimler.org.tr\/"},{"@type":"ListItem","position":2,"name":"Ramazan\u0131 \u015eerifimiz M\u00fcbarek Olsun"}]},{"@type":"WebSite","@id":"https:\/\/islamiilimler.org.tr\/#website","url":"https:\/\/islamiilimler.org.tr\/","name":"Giresun \u0130slami \u0130limler Vakf\u0131","description":"Hac\u0131siyam Mahallesi Atat\u00fcrk Bulvar\u0131 Fatih Apartman\u0131 No 65\/2 Kat 1 Daire 2 Giresun \/ Merkez T\u00fcrkiye GSM 1: 0535 463 6904 GSM 2: 0505 581 3395","publisher":{"@id":"https:\/\/islamiilimler.org.tr\/#organization"},"potentialAction":[{"@type":"SearchAction","target":{"@type":"EntryPoint","urlTemplate":"https:\/\/islamiilimler.org.tr\/?s={search_term_string}"},"query-input":{"@type":"PropertyValueSpecification","valueRequired":true,"valueName":"search_term_string"}}],"inLanguage":"tr"},{"@type":"Organization","@id":"https:\/\/islamiilimler.org.tr\/#organization","name":"Giresun \u0130slami \u0130limler Vakf\u0131","url":"https:\/\/islamiilimler.org.tr\/","logo":{"@type":"ImageObject","inLanguage":"tr","@id":"https:\/\/islamiilimler.org.tr\/#\/schema\/logo\/image\/","url":"https:\/\/islamiilimler.org.tr\/wp-content\/uploads\/2022\/09\/cropped-logo-1.png","contentUrl":"https:\/\/islamiilimler.org.tr\/wp-content\/uploads\/2022\/09\/cropped-logo-1.png","width":1500,"height":1500,"caption":"Giresun \u0130slami \u0130limler Vakf\u0131"},"image":{"@id":"https:\/\/islamiilimler.org.tr\/#\/schema\/logo\/image\/"}},{"@type":"Person","@id":"https:\/\/islamiilimler.org.tr\/#\/schema\/person\/a063e2fd3094ae93d491f2c6624e0c44","name":"Giresun \u0130slami \u0130limler Vakf\u0131","sameAs":["http:\/\/islamiilimler.org.tr"],"url":"https:\/\/islamiilimler.org.tr\/?author=1"}]}},"_links":{"self":[{"href":"https:\/\/islamiilimler.org.tr\/index.php?rest_route=\/wp\/v2\/posts\/2128","targetHints":{"allow":["GET"]}}],"collection":[{"href":"https:\/\/islamiilimler.org.tr\/index.php?rest_route=\/wp\/v2\/posts"}],"about":[{"href":"https:\/\/islamiilimler.org.tr\/index.php?rest_route=\/wp\/v2\/types\/post"}],"author":[{"embeddable":true,"href":"https:\/\/islamiilimler.org.tr\/index.php?rest_route=\/wp\/v2\/users\/1"}],"replies":[{"embeddable":true,"href":"https:\/\/islamiilimler.org.tr\/index.php?rest_route=%2Fwp%2Fv2%2Fcomments&post=2128"}],"version-history":[{"count":2,"href":"https:\/\/islamiilimler.org.tr\/index.php?rest_route=\/wp\/v2\/posts\/2128\/revisions"}],"predecessor-version":[{"id":2131,"href":"https:\/\/islamiilimler.org.tr\/index.php?rest_route=\/wp\/v2\/posts\/2128\/revisions\/2131"}],"wp:featuredmedia":[{"embeddable":true,"href":"https:\/\/islamiilimler.org.tr\/index.php?rest_route=\/wp\/v2\/media\/2129"}],"wp:attachment":[{"href":"https:\/\/islamiilimler.org.tr\/index.php?rest_route=%2Fwp%2Fv2%2Fmedia&parent=2128"}],"wp:term":[{"taxonomy":"category","embeddable":true,"href":"https:\/\/islamiilimler.org.tr\/index.php?rest_route=%2Fwp%2Fv2%2Fcategories&post=2128"},{"taxonomy":"post_tag","embeddable":true,"href":"https:\/\/islamiilimler.org.tr\/index.php?rest_route=%2Fwp%2Fv2%2Ftags&post=2128"}],"curies":[{"name":"wp","href":"https:\/\/api.w.org\/{rel}","templated":true}]}}