{"id":1855,"date":"2022-11-08T21:44:53","date_gmt":"2022-11-08T18:44:53","guid":{"rendered":"https:\/\/islamiilimler.org.tr\/?p=1855"},"modified":"2022-11-08T21:44:54","modified_gmt":"2022-11-08T18:44:54","slug":"uluslararasi-insan-din-ve-erdemlilik-sempozyumu","status":"publish","type":"post","link":"https:\/\/islamiilimler.org.tr\/?p=1855","title":{"rendered":"Uluslararas\u0131 \u0130nsan, Din ve Erdemlilik Sempozyumu"},"content":{"rendered":"\n<p>Payda\u015f\u0131 oldu\u011fumuz sempozyumumu ger\u00e7ekle\u015ftirildi. Eme\u011fi ge\u00e7er t\u00fcm ki\u015fi ve kurumlara te\u015fekk\u00fcr eder. Sempozyumumuzun hay\u0131rlara vesile olmas\u0131 dileriz. <\/p>\n\n\n\n<figure class=\"wp-block-gallery has-nested-images columns-default is-cropped wp-block-gallery-1 is-layout-flex wp-block-gallery-is-layout-flex\">\n<figure class=\"wp-block-image size-large\"><img loading=\"lazy\" decoding=\"async\" width=\"1000\" height=\"666\" data-id=\"1859\" src=\"https:\/\/islamiilimler.org.tr\/wp-content\/uploads\/2022\/11\/1.jpeg\" alt=\"\" class=\"wp-image-1859\" srcset=\"https:\/\/islamiilimler.org.tr\/wp-content\/uploads\/2022\/11\/1.jpeg 1000w, https:\/\/islamiilimler.org.tr\/wp-content\/uploads\/2022\/11\/1-300x200.jpeg 300w, https:\/\/islamiilimler.org.tr\/wp-content\/uploads\/2022\/11\/1-768x511.jpeg 768w\" sizes=\"auto, (max-width: 1000px) 100vw, 1000px\" \/><\/figure>\n\n\n\n<figure class=\"wp-block-image size-large\"><img loading=\"lazy\" decoding=\"async\" width=\"1000\" height=\"666\" data-id=\"1857\" src=\"https:\/\/islamiilimler.org.tr\/wp-content\/uploads\/2022\/11\/2.jpeg\" alt=\"\" class=\"wp-image-1857\" srcset=\"https:\/\/islamiilimler.org.tr\/wp-content\/uploads\/2022\/11\/2.jpeg 1000w, https:\/\/islamiilimler.org.tr\/wp-content\/uploads\/2022\/11\/2-300x200.jpeg 300w, https:\/\/islamiilimler.org.tr\/wp-content\/uploads\/2022\/11\/2-768x511.jpeg 768w\" sizes=\"auto, (max-width: 1000px) 100vw, 1000px\" \/><\/figure>\n\n\n\n<figure class=\"wp-block-image size-large\"><img loading=\"lazy\" decoding=\"async\" width=\"1000\" height=\"666\" data-id=\"1862\" src=\"https:\/\/islamiilimler.org.tr\/wp-content\/uploads\/2022\/11\/3.jpeg\" alt=\"\" class=\"wp-image-1862\" srcset=\"https:\/\/islamiilimler.org.tr\/wp-content\/uploads\/2022\/11\/3.jpeg 1000w, https:\/\/islamiilimler.org.tr\/wp-content\/uploads\/2022\/11\/3-300x200.jpeg 300w, https:\/\/islamiilimler.org.tr\/wp-content\/uploads\/2022\/11\/3-768x511.jpeg 768w\" sizes=\"auto, (max-width: 1000px) 100vw, 1000px\" \/><\/figure>\n\n\n\n<figure class=\"wp-block-image size-large\"><img loading=\"lazy\" decoding=\"async\" width=\"1000\" height=\"666\" data-id=\"1860\" src=\"https:\/\/islamiilimler.org.tr\/wp-content\/uploads\/2022\/11\/4.jpeg\" alt=\"\" class=\"wp-image-1860\" srcset=\"https:\/\/islamiilimler.org.tr\/wp-content\/uploads\/2022\/11\/4.jpeg 1000w, https:\/\/islamiilimler.org.tr\/wp-content\/uploads\/2022\/11\/4-300x200.jpeg 300w, https:\/\/islamiilimler.org.tr\/wp-content\/uploads\/2022\/11\/4-768x511.jpeg 768w\" sizes=\"auto, (max-width: 1000px) 100vw, 1000px\" \/><\/figure>\n\n\n\n<figure class=\"wp-block-image size-large\"><img loading=\"lazy\" decoding=\"async\" width=\"1000\" height=\"666\" data-id=\"1861\" src=\"https:\/\/islamiilimler.org.tr\/wp-content\/uploads\/2022\/11\/5.jpeg\" alt=\"\" class=\"wp-image-1861\" srcset=\"https:\/\/islamiilimler.org.tr\/wp-content\/uploads\/2022\/11\/5.jpeg 1000w, https:\/\/islamiilimler.org.tr\/wp-content\/uploads\/2022\/11\/5-300x200.jpeg 300w, https:\/\/islamiilimler.org.tr\/wp-content\/uploads\/2022\/11\/5-768x511.jpeg 768w\" sizes=\"auto, (max-width: 1000px) 100vw, 1000px\" \/><\/figure>\n\n\n\n<figure class=\"wp-block-image size-large\"><img loading=\"lazy\" decoding=\"async\" width=\"1000\" height=\"599\" data-id=\"1858\" src=\"https:\/\/islamiilimler.org.tr\/wp-content\/uploads\/2022\/11\/6.jpeg\" alt=\"\" class=\"wp-image-1858\" srcset=\"https:\/\/islamiilimler.org.tr\/wp-content\/uploads\/2022\/11\/6.jpeg 1000w, https:\/\/islamiilimler.org.tr\/wp-content\/uploads\/2022\/11\/6-300x180.jpeg 300w, https:\/\/islamiilimler.org.tr\/wp-content\/uploads\/2022\/11\/6-768x460.jpeg 768w\" sizes=\"auto, (max-width: 1000px) 100vw, 1000px\" \/><\/figure>\n<\/figure>\n","protected":false},"excerpt":{"rendered":"<p>Payda\u015f\u0131 oldu\u011fumuz sempozyumumu ger\u00e7ekle\u015ftirildi. Eme\u011fi ge\u00e7er t\u00fcm ki\u015fi ve kurumlara te\u015fekk\u00fcr eder. Sempozyumumuzun hay\u0131rlara vesile olmas\u0131 dileriz.<\/p>\n","protected":false},"author":1,"featured_media":1856,"comment_status":"closed","ping_status":"open","sticky":false,"template":"","format":"standard","meta":{"footnotes":""},"categories":[3],"tags":[],"class_list":["post-1855","post","type-post","status-publish","format-standard","has-post-thumbnail","hentry","category-duyurular"],"yoast_head":"<!-- This site is optimized with the Yoast SEO plugin v27.4 - https:\/\/yoast.com\/product\/yoast-seo-wordpress\/ -->\n<title>Uluslararas\u0131 \u0130nsan, Din ve Erdemlilik Sempozyumu - Giresun \u0130slami \u0130limler Vakf\u0131<\/title>\n<meta name=\"robots\" content=\"index, follow, max-snippet:-1, max-image-preview:large, max-video-preview:-1\" \/>\n<link rel=\"canonical\" href=\"https:\/\/islamiilimler.org.tr\/?p=1855\" \/>\n<meta property=\"og:locale\" content=\"tr_TR\" \/>\n<meta property=\"og:type\" content=\"article\" \/>\n<meta property=\"og:title\" content=\"Uluslararas\u0131 \u0130nsan, Din ve Erdemlilik Sempozyumu - Giresun \u0130slami \u0130limler Vakf\u0131\" \/>\n<meta property=\"og:description\" content=\"Payda\u015f\u0131 oldu\u011fumuz sempozyumumu ger\u00e7ekle\u015ftirildi. Eme\u011fi ge\u00e7er t\u00fcm ki\u015fi ve kurumlara te\u015fekk\u00fcr eder. Sempozyumumuzun hay\u0131rlara vesile olmas\u0131 dileriz.\" \/>\n<meta property=\"og:url\" content=\"https:\/\/islamiilimler.org.tr\/?p=1855\" \/>\n<meta property=\"og:site_name\" content=\"Giresun \u0130slami \u0130limler Vakf\u0131\" \/>\n<meta property=\"article:published_time\" content=\"2022-11-08T18:44:53+00:00\" \/>\n<meta property=\"article:modified_time\" content=\"2022-11-08T18:44:54+00:00\" \/>\n<meta property=\"og:image\" content=\"https:\/\/islamiilimler.org.tr\/wp-content\/uploads\/2022\/11\/Bilboard-A3-Belge-724x1024.png\" \/>\n\t<meta property=\"og:image:width\" content=\"724\" \/>\n\t<meta property=\"og:image:height\" content=\"1024\" \/>\n\t<meta property=\"og:image:type\" content=\"image\/png\" \/>\n<meta name=\"author\" content=\"Giresun \u0130slami \u0130limler Vakf\u0131\" \/>\n<meta name=\"twitter:card\" content=\"summary_large_image\" \/>\n<meta name=\"twitter:label1\" content=\"Yazan:\" \/>\n\t<meta name=\"twitter:data1\" content=\"Giresun \u0130slami \u0130limler Vakf\u0131\" \/>\n\t<meta name=\"twitter:label2\" content=\"Tahmini okuma s\u00fcresi\" \/>\n\t<meta name=\"twitter:data2\" content=\"2 dakika\" \/>\n<script type=\"application\/ld+json\" class=\"yoast-schema-graph\">{\"@context\":\"https:\\\/\\\/schema.org\",\"@graph\":[{\"@type\":\"Article\",\"@id\":\"https:\\\/\\\/islamiilimler.org.tr\\\/?p=1855#article\",\"isPartOf\":{\"@id\":\"https:\\\/\\\/islamiilimler.org.tr\\\/?p=1855\"},\"author\":{\"name\":\"Giresun \u0130slami \u0130limler Vakf\u0131\",\"@id\":\"https:\\\/\\\/islamiilimler.org.tr\\\/#\\\/schema\\\/person\\\/a063e2fd3094ae93d491f2c6624e0c44\"},\"headline\":\"Uluslararas\u0131 \u0130nsan, Din ve Erdemlilik Sempozyumu\",\"datePublished\":\"2022-11-08T18:44:53+00:00\",\"dateModified\":\"2022-11-08T18:44:54+00:00\",\"mainEntityOfPage\":{\"@id\":\"https:\\\/\\\/islamiilimler.org.tr\\\/?p=1855\"},\"wordCount\":33,\"publisher\":{\"@id\":\"https:\\\/\\\/islamiilimler.org.tr\\\/#organization\"},\"image\":{\"@id\":\"https:\\\/\\\/islamiilimler.org.tr\\\/?p=1855#primaryimage\"},\"thumbnailUrl\":\"https:\\\/\\\/islamiilimler.org.tr\\\/wp-content\\\/uploads\\\/2022\\\/11\\\/Bilboard-A3-Belge.png\",\"articleSection\":[\"Duyurular\"],\"inLanguage\":\"tr\"},{\"@type\":\"WebPage\",\"@id\":\"https:\\\/\\\/islamiilimler.org.tr\\\/?p=1855\",\"url\":\"https:\\\/\\\/islamiilimler.org.tr\\\/?p=1855\",\"name\":\"Uluslararas\u0131 \u0130nsan, Din ve Erdemlilik Sempozyumu - Giresun \u0130slami \u0130limler Vakf\u0131\",\"isPartOf\":{\"@id\":\"https:\\\/\\\/islamiilimler.org.tr\\\/#website\"},\"primaryImageOfPage\":{\"@id\":\"https:\\\/\\\/islamiilimler.org.tr\\\/?p=1855#primaryimage\"},\"image\":{\"@id\":\"https:\\\/\\\/islamiilimler.org.tr\\\/?p=1855#primaryimage\"},\"thumbnailUrl\":\"https:\\\/\\\/islamiilimler.org.tr\\\/wp-content\\\/uploads\\\/2022\\\/11\\\/Bilboard-A3-Belge.png\",\"datePublished\":\"2022-11-08T18:44:53+00:00\",\"dateModified\":\"2022-11-08T18:44:54+00:00\",\"breadcrumb\":{\"@id\":\"https:\\\/\\\/islamiilimler.org.tr\\\/?p=1855#breadcrumb\"},\"inLanguage\":\"tr\",\"potentialAction\":[{\"@type\":\"ReadAction\",\"target\":[\"https:\\\/\\\/islamiilimler.org.tr\\\/?p=1855\"]}]},{\"@type\":\"ImageObject\",\"inLanguage\":\"tr\",\"@id\":\"https:\\\/\\\/islamiilimler.org.tr\\\/?p=1855#primaryimage\",\"url\":\"https:\\\/\\\/islamiilimler.org.tr\\\/wp-content\\\/uploads\\\/2022\\\/11\\\/Bilboard-A3-Belge.png\",\"contentUrl\":\"https:\\\/\\\/islamiilimler.org.tr\\\/wp-content\\\/uploads\\\/2022\\\/11\\\/Bilboard-A3-Belge.png\",\"width\":2828,\"height\":4000},{\"@type\":\"BreadcrumbList\",\"@id\":\"https:\\\/\\\/islamiilimler.org.tr\\\/?p=1855#breadcrumb\",\"itemListElement\":[{\"@type\":\"ListItem\",\"position\":1,\"name\":\"Anasayfa\",\"item\":\"https:\\\/\\\/islamiilimler.org.tr\\\/\"},{\"@type\":\"ListItem\",\"position\":2,\"name\":\"Uluslararas\u0131 \u0130nsan, Din ve Erdemlilik Sempozyumu\"}]},{\"@type\":\"WebSite\",\"@id\":\"https:\\\/\\\/islamiilimler.org.tr\\\/#website\",\"url\":\"https:\\\/\\\/islamiilimler.org.tr\\\/\",\"name\":\"Giresun \u0130slami \u0130limler Vakf\u0131\",\"description\":\"Hac\u0131siyam Mahallesi Atat\u00fcrk Bulvar\u0131 Fatih Apartman\u0131 No 65\\\/2 Kat 1 Daire 2 Giresun \\\/ Merkez T\u00fcrkiye GSM 1: 0535 463 6904 GSM 2: 0505 581 3395\",\"publisher\":{\"@id\":\"https:\\\/\\\/islamiilimler.org.tr\\\/#organization\"},\"potentialAction\":[{\"@type\":\"SearchAction\",\"target\":{\"@type\":\"EntryPoint\",\"urlTemplate\":\"https:\\\/\\\/islamiilimler.org.tr\\\/?s={search_term_string}\"},\"query-input\":{\"@type\":\"PropertyValueSpecification\",\"valueRequired\":true,\"valueName\":\"search_term_string\"}}],\"inLanguage\":\"tr\"},{\"@type\":\"Organization\",\"@id\":\"https:\\\/\\\/islamiilimler.org.tr\\\/#organization\",\"name\":\"Giresun \u0130slami \u0130limler Vakf\u0131\",\"url\":\"https:\\\/\\\/islamiilimler.org.tr\\\/\",\"logo\":{\"@type\":\"ImageObject\",\"inLanguage\":\"tr\",\"@id\":\"https:\\\/\\\/islamiilimler.org.tr\\\/#\\\/schema\\\/logo\\\/image\\\/\",\"url\":\"https:\\\/\\\/islamiilimler.org.tr\\\/wp-content\\\/uploads\\\/2022\\\/09\\\/cropped-logo-1.png\",\"contentUrl\":\"https:\\\/\\\/islamiilimler.org.tr\\\/wp-content\\\/uploads\\\/2022\\\/09\\\/cropped-logo-1.png\",\"width\":1500,\"height\":1500,\"caption\":\"Giresun \u0130slami \u0130limler Vakf\u0131\"},\"image\":{\"@id\":\"https:\\\/\\\/islamiilimler.org.tr\\\/#\\\/schema\\\/logo\\\/image\\\/\"}},{\"@type\":\"Person\",\"@id\":\"https:\\\/\\\/islamiilimler.org.tr\\\/#\\\/schema\\\/person\\\/a063e2fd3094ae93d491f2c6624e0c44\",\"name\":\"Giresun \u0130slami \u0130limler Vakf\u0131\",\"sameAs\":[\"http:\\\/\\\/islamiilimler.org.tr\"],\"url\":\"https:\\\/\\\/islamiilimler.org.tr\\\/?author=1\"}]}<\/script>\n<!-- \/ Yoast SEO plugin. -->","yoast_head_json":{"title":"Uluslararas\u0131 \u0130nsan, Din ve Erdemlilik Sempozyumu - Giresun \u0130slami \u0130limler Vakf\u0131","robots":{"index":"index","follow":"follow","max-snippet":"max-snippet:-1","max-image-preview":"max-image-preview:large","max-video-preview":"max-video-preview:-1"},"canonical":"https:\/\/islamiilimler.org.tr\/?p=1855","og_locale":"tr_TR","og_type":"article","og_title":"Uluslararas\u0131 \u0130nsan, Din ve Erdemlilik Sempozyumu - Giresun \u0130slami \u0130limler Vakf\u0131","og_description":"Payda\u015f\u0131 oldu\u011fumuz sempozyumumu ger\u00e7ekle\u015ftirildi. Eme\u011fi ge\u00e7er t\u00fcm ki\u015fi ve kurumlara te\u015fekk\u00fcr eder. Sempozyumumuzun hay\u0131rlara vesile olmas\u0131 dileriz.","og_url":"https:\/\/islamiilimler.org.tr\/?p=1855","og_site_name":"Giresun \u0130slami \u0130limler Vakf\u0131","article_published_time":"2022-11-08T18:44:53+00:00","article_modified_time":"2022-11-08T18:44:54+00:00","og_image":[{"width":724,"height":1024,"url":"https:\/\/islamiilimler.org.tr\/wp-content\/uploads\/2022\/11\/Bilboard-A3-Belge-724x1024.png","type":"image\/png"}],"author":"Giresun \u0130slami \u0130limler Vakf\u0131","twitter_card":"summary_large_image","twitter_misc":{"Yazan:":"Giresun \u0130slami \u0130limler Vakf\u0131","Tahmini okuma s\u00fcresi":"2 dakika"},"schema":{"@context":"https:\/\/schema.org","@graph":[{"@type":"Article","@id":"https:\/\/islamiilimler.org.tr\/?p=1855#article","isPartOf":{"@id":"https:\/\/islamiilimler.org.tr\/?p=1855"},"author":{"name":"Giresun \u0130slami \u0130limler Vakf\u0131","@id":"https:\/\/islamiilimler.org.tr\/#\/schema\/person\/a063e2fd3094ae93d491f2c6624e0c44"},"headline":"Uluslararas\u0131 \u0130nsan, Din ve Erdemlilik Sempozyumu","datePublished":"2022-11-08T18:44:53+00:00","dateModified":"2022-11-08T18:44:54+00:00","mainEntityOfPage":{"@id":"https:\/\/islamiilimler.org.tr\/?p=1855"},"wordCount":33,"publisher":{"@id":"https:\/\/islamiilimler.org.tr\/#organization"},"image":{"@id":"https:\/\/islamiilimler.org.tr\/?p=1855#primaryimage"},"thumbnailUrl":"https:\/\/islamiilimler.org.tr\/wp-content\/uploads\/2022\/11\/Bilboard-A3-Belge.png","articleSection":["Duyurular"],"inLanguage":"tr"},{"@type":"WebPage","@id":"https:\/\/islamiilimler.org.tr\/?p=1855","url":"https:\/\/islamiilimler.org.tr\/?p=1855","name":"Uluslararas\u0131 \u0130nsan, Din ve Erdemlilik Sempozyumu - Giresun \u0130slami \u0130limler Vakf\u0131","isPartOf":{"@id":"https:\/\/islamiilimler.org.tr\/#website"},"primaryImageOfPage":{"@id":"https:\/\/islamiilimler.org.tr\/?p=1855#primaryimage"},"image":{"@id":"https:\/\/islamiilimler.org.tr\/?p=1855#primaryimage"},"thumbnailUrl":"https:\/\/islamiilimler.org.tr\/wp-content\/uploads\/2022\/11\/Bilboard-A3-Belge.png","datePublished":"2022-11-08T18:44:53+00:00","dateModified":"2022-11-08T18:44:54+00:00","breadcrumb":{"@id":"https:\/\/islamiilimler.org.tr\/?p=1855#breadcrumb"},"inLanguage":"tr","potentialAction":[{"@type":"ReadAction","target":["https:\/\/islamiilimler.org.tr\/?p=1855"]}]},{"@type":"ImageObject","inLanguage":"tr","@id":"https:\/\/islamiilimler.org.tr\/?p=1855#primaryimage","url":"https:\/\/islamiilimler.org.tr\/wp-content\/uploads\/2022\/11\/Bilboard-A3-Belge.png","contentUrl":"https:\/\/islamiilimler.org.tr\/wp-content\/uploads\/2022\/11\/Bilboard-A3-Belge.png","width":2828,"height":4000},{"@type":"BreadcrumbList","@id":"https:\/\/islamiilimler.org.tr\/?p=1855#breadcrumb","itemListElement":[{"@type":"ListItem","position":1,"name":"Anasayfa","item":"https:\/\/islamiilimler.org.tr\/"},{"@type":"ListItem","position":2,"name":"Uluslararas\u0131 \u0130nsan, Din ve Erdemlilik Sempozyumu"}]},{"@type":"WebSite","@id":"https:\/\/islamiilimler.org.tr\/#website","url":"https:\/\/islamiilimler.org.tr\/","name":"Giresun \u0130slami \u0130limler Vakf\u0131","description":"Hac\u0131siyam Mahallesi Atat\u00fcrk Bulvar\u0131 Fatih Apartman\u0131 No 65\/2 Kat 1 Daire 2 Giresun \/ Merkez T\u00fcrkiye GSM 1: 0535 463 6904 GSM 2: 0505 581 3395","publisher":{"@id":"https:\/\/islamiilimler.org.tr\/#organization"},"potentialAction":[{"@type":"SearchAction","target":{"@type":"EntryPoint","urlTemplate":"https:\/\/islamiilimler.org.tr\/?s={search_term_string}"},"query-input":{"@type":"PropertyValueSpecification","valueRequired":true,"valueName":"search_term_string"}}],"inLanguage":"tr"},{"@type":"Organization","@id":"https:\/\/islamiilimler.org.tr\/#organization","name":"Giresun \u0130slami \u0130limler Vakf\u0131","url":"https:\/\/islamiilimler.org.tr\/","logo":{"@type":"ImageObject","inLanguage":"tr","@id":"https:\/\/islamiilimler.org.tr\/#\/schema\/logo\/image\/","url":"https:\/\/islamiilimler.org.tr\/wp-content\/uploads\/2022\/09\/cropped-logo-1.png","contentUrl":"https:\/\/islamiilimler.org.tr\/wp-content\/uploads\/2022\/09\/cropped-logo-1.png","width":1500,"height":1500,"caption":"Giresun \u0130slami \u0130limler Vakf\u0131"},"image":{"@id":"https:\/\/islamiilimler.org.tr\/#\/schema\/logo\/image\/"}},{"@type":"Person","@id":"https:\/\/islamiilimler.org.tr\/#\/schema\/person\/a063e2fd3094ae93d491f2c6624e0c44","name":"Giresun \u0130slami \u0130limler Vakf\u0131","sameAs":["http:\/\/islamiilimler.org.tr"],"url":"https:\/\/islamiilimler.org.tr\/?author=1"}]}},"_links":{"self":[{"href":"https:\/\/islamiilimler.org.tr\/index.php?rest_route=\/wp\/v2\/posts\/1855","targetHints":{"allow":["GET"]}}],"collection":[{"href":"https:\/\/islamiilimler.org.tr\/index.php?rest_route=\/wp\/v2\/posts"}],"about":[{"href":"https:\/\/islamiilimler.org.tr\/index.php?rest_route=\/wp\/v2\/types\/post"}],"author":[{"embeddable":true,"href":"https:\/\/islamiilimler.org.tr\/index.php?rest_route=\/wp\/v2\/users\/1"}],"replies":[{"embeddable":true,"href":"https:\/\/islamiilimler.org.tr\/index.php?rest_route=%2Fwp%2Fv2%2Fcomments&post=1855"}],"version-history":[{"count":1,"href":"https:\/\/islamiilimler.org.tr\/index.php?rest_route=\/wp\/v2\/posts\/1855\/revisions"}],"predecessor-version":[{"id":1863,"href":"https:\/\/islamiilimler.org.tr\/index.php?rest_route=\/wp\/v2\/posts\/1855\/revisions\/1863"}],"wp:featuredmedia":[{"embeddable":true,"href":"https:\/\/islamiilimler.org.tr\/index.php?rest_route=\/wp\/v2\/media\/1856"}],"wp:attachment":[{"href":"https:\/\/islamiilimler.org.tr\/index.php?rest_route=%2Fwp%2Fv2%2Fmedia&parent=1855"}],"wp:term":[{"taxonomy":"category","embeddable":true,"href":"https:\/\/islamiilimler.org.tr\/index.php?rest_route=%2Fwp%2Fv2%2Fcategories&post=1855"},{"taxonomy":"post_tag","embeddable":true,"href":"https:\/\/islamiilimler.org.tr\/index.php?rest_route=%2Fwp%2Fv2%2Ftags&post=1855"}],"curies":[{"name":"wp","href":"https:\/\/api.w.org\/{rel}","templated":true}]}}